{"id":7614,"date":"2020-01-23T19:06:22","date_gmt":"2020-01-23T18:06:22","guid":{"rendered":"http:\/\/www.zspswiecie.pl\/?p=7614"},"modified":"2020-01-25T20:25:15","modified_gmt":"2020-01-25T19:25:15","slug":"ferie-z-ksiazka-2","status":"publish","type":"post","link":"https:\/\/www.zspswiecie.pl\/index.php\/2020\/01\/ferie-z-ksiazka-2\/","title":{"rendered":"KSI\u0104\u017bKA NA FERIE"},"content":{"rendered":"<p>Og\u0142aszamy konkurs\u00a0<b><span class=\"cf4 ff1 fs24\"> \u201eKsi\u0105\u017cka na ferie\u201d<\/span><\/b><!--more--><\/p>\n<p><span class=\"cf1 ff0 fs24\">Ferie zimowe to bardzo dobry czas na czytanie! Nie musisz nudzi\u0107 si\u0119 w wolnym czasie. <\/span><\/p>\n<p><span class=\"ff1 cf1 fs24\">\u2022 Napisz kr\u00f3tk\u0105 recenzj\u0119 ksi\u0105\u017cki przeczytanej w ferie<\/span><span class=\"ff0 cf1 fs24\"><br \/>\n<\/span><span class=\"ff1 cf1 fs24\">\u2022 Oce\u0144 lektur\u0119 w skali 1-<wbr \/>10<\/span><span class=\"ff0 cf1 fs24\">.<br \/>\n<\/span><span class=\"ff1 cf1 fs24\">\u2022 Przynie\u015b swoj\u0105 recenzj\u0119 do biblioteki w formie papierowej w terminie do<\/span><b><\/b><span class=\"ff0 cf1 fs24\"> 13.02.2020r.<br \/>\n<\/span><span class=\"ff1 cf1 fs24\">\u2022 Praca powinna by\u0107 opatrzona: imieniem i nazwiskiem, klas\u0105, <\/span><b><\/b><span class=\"cf1 ff0 fs24\"><br \/>\n<\/span><span class=\"ff1 cf1 fs24\">\u2022 Dla uczestnik\u00f3w konkursu przewidziane s\u0105 nagrody.<\/span><\/p>\n<p><span class=\"ff0 cf1 fs24\"><br \/>\n<\/span><span class=\"ff1 cf1 fs24\"><span class=\"cf1 ff0 fs24\">W bibliotece szkolnej czeka na Ciebie wiele wspania\u0142ych ksi\u0105\u017cek. Polecamy du\u017cy wyb\u00f3r nowo\u015bci zakupionych w ramach Narodowego Programu Rozwoju Czytelnictwa.<\/span><span class=\"ff1 cf1 fs24\"><br \/>\n<\/span><\/span><\/p>\n<p>&nbsp;<\/p>\n","protected":false},"excerpt":{"rendered":"<p>Og\u0142aszamy konkurs\u00a0 \u201eKsi\u0105\u017cka na ferie\u201d<\/p>\n","protected":false},"author":2,"featured_media":3840,"comment_status":"closed","ping_status":"open","sticky":false,"template":"","format":"standard","meta":{"footnotes":""},"categories":[5],"tags":[],"class_list":["post-7614","post","type-post","status-publish","format-standard","has-post-thumbnail","hentry","category-informacje"],"yoast_head":"<!-- This site is optimized with the Yoast SEO plugin v26.8 - https:\/\/yoast.com\/product\/yoast-seo-wordpress\/ -->\n<title>KSI\u0104\u017bKA NA FERIE - ZSP<\/title>\n<meta name=\"robots\" content=\"index, follow, max-snippet:-1, max-image-preview:large, max-video-preview:-1\" \/>\n<link rel=\"canonical\" href=\"https:\/\/www.zspswiecie.pl\/index.php\/2020\/01\/ferie-z-ksiazka-2\/\" \/>\n<meta property=\"og:locale\" content=\"pl_PL\" \/>\n<meta property=\"og:type\" content=\"article\" \/>\n<meta property=\"og:title\" content=\"KSI\u0104\u017bKA NA FERIE - ZSP\" \/>\n<meta property=\"og:description\" content=\"Og\u0142aszamy konkurs\u00a0 \u201eKsi\u0105\u017cka na ferie\u201d\" \/>\n<meta property=\"og:url\" content=\"https:\/\/www.zspswiecie.pl\/index.php\/2020\/01\/ferie-z-ksiazka-2\/\" \/>\n<meta property=\"og:site_name\" content=\"ZSP\" \/>\n<meta property=\"article:publisher\" content=\"https:\/\/www.facebook.com\/people\/Zesp-Szk-Ponadpodstawowych-w-wieciu\/100057638830230\/\" \/>\n<meta property=\"article:published_time\" content=\"2020-01-23T18:06:22+00:00\" \/>\n<meta property=\"article:modified_time\" content=\"2020-01-25T19:25:15+00:00\" \/>\n<meta property=\"og:image\" content=\"https:\/\/www.zspswiecie.pl\/wp-content\/uploads\/2017\/11\/20171106_091746.jpg\" \/>\n\t<meta property=\"og:image:width\" content=\"800\" \/>\n\t<meta property=\"og:image:height\" content=\"600\" \/>\n\t<meta property=\"og:image:type\" content=\"image\/jpeg\" \/>\n<meta name=\"author\" content=\"Katarzyna\" \/>\n<meta name=\"twitter:label1\" content=\"Napisane przez\" \/>\n\t<meta name=\"twitter:data1\" content=\"Katarzyna\" \/>\n<script type=\"application\/ld+json\" class=\"yoast-schema-graph\">{\"@context\":\"https:\/\/schema.org\",\"@graph\":[{\"@type\":\"Article\",\"@id\":\"https:\/\/www.zspswiecie.pl\/index.php\/2020\/01\/ferie-z-ksiazka-2\/#article\",\"isPartOf\":{\"@id\":\"https:\/\/www.zspswiecie.pl\/index.php\/2020\/01\/ferie-z-ksiazka-2\/\"},\"author\":{\"name\":\"Katarzyna\",\"@id\":\"https:\/\/www.zspswiecie.pl\/#\/schema\/person\/e02da1ef6b75bbd4043bfa50e22d5976\"},\"headline\":\"KSI\u0104\u017bKA NA FERIE\",\"datePublished\":\"2020-01-23T18:06:22+00:00\",\"dateModified\":\"2020-01-25T19:25:15+00:00\",\"mainEntityOfPage\":{\"@id\":\"https:\/\/www.zspswiecie.pl\/index.php\/2020\/01\/ferie-z-ksiazka-2\/\"},\"wordCount\":93,\"publisher\":{\"@id\":\"https:\/\/www.zspswiecie.pl\/#organization\"},\"image\":{\"@id\":\"https:\/\/www.zspswiecie.pl\/index.php\/2020\/01\/ferie-z-ksiazka-2\/#primaryimage\"},\"thumbnailUrl\":\"https:\/\/www.zspswiecie.pl\/wp-content\/uploads\/2017\/11\/20171106_091746.jpg\",\"articleSection\":[\"Informacje\"],\"inLanguage\":\"pl-PL\"},{\"@type\":\"WebPage\",\"@id\":\"https:\/\/www.zspswiecie.pl\/index.php\/2020\/01\/ferie-z-ksiazka-2\/\",\"url\":\"https:\/\/www.zspswiecie.pl\/index.php\/2020\/01\/ferie-z-ksiazka-2\/\",\"name\":\"KSI\u0104\u017bKA NA FERIE - ZSP\",\"isPartOf\":{\"@id\":\"https:\/\/www.zspswiecie.pl\/#website\"},\"primaryImageOfPage\":{\"@id\":\"https:\/\/www.zspswiecie.pl\/index.php\/2020\/01\/ferie-z-ksiazka-2\/#primaryimage\"},\"image\":{\"@id\":\"https:\/\/www.zspswiecie.pl\/index.php\/2020\/01\/ferie-z-ksiazka-2\/#primaryimage\"},\"thumbnailUrl\":\"https:\/\/www.zspswiecie.pl\/wp-content\/uploads\/2017\/11\/20171106_091746.jpg\",\"datePublished\":\"2020-01-23T18:06:22+00:00\",\"dateModified\":\"2020-01-25T19:25:15+00:00\",\"breadcrumb\":{\"@id\":\"https:\/\/www.zspswiecie.pl\/index.php\/2020\/01\/ferie-z-ksiazka-2\/#breadcrumb\"},\"inLanguage\":\"pl-PL\",\"potentialAction\":[{\"@type\":\"ReadAction\",\"target\":[\"https:\/\/www.zspswiecie.pl\/index.php\/2020\/01\/ferie-z-ksiazka-2\/\"]}]},{\"@type\":\"ImageObject\",\"inLanguage\":\"pl-PL\",\"@id\":\"https:\/\/www.zspswiecie.pl\/index.php\/2020\/01\/ferie-z-ksiazka-2\/#primaryimage\",\"url\":\"https:\/\/www.zspswiecie.pl\/wp-content\/uploads\/2017\/11\/20171106_091746.jpg\",\"contentUrl\":\"https:\/\/www.zspswiecie.pl\/wp-content\/uploads\/2017\/11\/20171106_091746.jpg\",\"width\":800,\"height\":600},{\"@type\":\"BreadcrumbList\",\"@id\":\"https:\/\/www.zspswiecie.pl\/index.php\/2020\/01\/ferie-z-ksiazka-2\/#breadcrumb\",\"itemListElement\":[{\"@type\":\"ListItem\",\"position\":1,\"name\":\"Strona g\u0142\u00f3wna\",\"item\":\"https:\/\/www.zspswiecie.pl\/index.php\/home\/strona-glowna\/\"},{\"@type\":\"ListItem\",\"position\":2,\"name\":\"KSI\u0104\u017bKA NA FERIE\"}]},{\"@type\":\"WebSite\",\"@id\":\"https:\/\/www.zspswiecie.pl\/#website\",\"url\":\"https:\/\/www.zspswiecie.pl\/\",\"name\":\"ZSP\",\"description\":\"Zesp\u00f3\u0142 Szk\u00f3\u0142 Ponadpodstawowych\",\"publisher\":{\"@id\":\"https:\/\/www.zspswiecie.pl\/#organization\"},\"potentialAction\":[{\"@type\":\"SearchAction\",\"target\":{\"@type\":\"EntryPoint\",\"urlTemplate\":\"https:\/\/www.zspswiecie.pl\/?s={search_term_string}\"},\"query-input\":{\"@type\":\"PropertyValueSpecification\",\"valueRequired\":true,\"valueName\":\"search_term_string\"}}],\"inLanguage\":\"pl-PL\"},{\"@type\":\"Organization\",\"@id\":\"https:\/\/www.zspswiecie.pl\/#organization\",\"name\":\"Zesp\u00f3\u0142 Szk\u00f3\u0142 Ponadpodstawowych\",\"url\":\"https:\/\/www.zspswiecie.pl\/\",\"logo\":{\"@type\":\"ImageObject\",\"inLanguage\":\"pl-PL\",\"@id\":\"https:\/\/www.zspswiecie.pl\/#\/schema\/logo\/image\/\",\"url\":\"http:\/\/www.zspswiecie.pl\/wp-content\/uploads\/2016\/03\/logo-zsp2.png\",\"contentUrl\":\"http:\/\/www.zspswiecie.pl\/wp-content\/uploads\/2016\/03\/logo-zsp2.png\",\"width\":449,\"height\":351,\"caption\":\"Zesp\u00f3\u0142 Szk\u00f3\u0142 Ponadpodstawowych\"},\"image\":{\"@id\":\"https:\/\/www.zspswiecie.pl\/#\/schema\/logo\/image\/\"},\"sameAs\":[\"https:\/\/www.facebook.com\/people\/Zesp-Szk-Ponadpodstawowych-w-wieciu\/100057638830230\/\"]},{\"@type\":\"Person\",\"@id\":\"https:\/\/www.zspswiecie.pl\/#\/schema\/person\/e02da1ef6b75bbd4043bfa50e22d5976\",\"name\":\"Katarzyna\",\"image\":{\"@type\":\"ImageObject\",\"inLanguage\":\"pl-PL\",\"@id\":\"https:\/\/www.zspswiecie.pl\/#\/schema\/person\/image\/\",\"url\":\"https:\/\/secure.gravatar.com\/avatar\/cecd50f696defba6d8269961136eef4639e8542bd8a188e5817d76f2e78de1c3?s=96&d=mm&r=g\",\"contentUrl\":\"https:\/\/secure.gravatar.com\/avatar\/cecd50f696defba6d8269961136eef4639e8542bd8a188e5817d76f2e78de1c3?s=96&d=mm&r=g\",\"caption\":\"Katarzyna\"},\"url\":\"https:\/\/www.zspswiecie.pl\/index.php\/author\/kasia_k\/\"}]}<\/script>\n<!-- \/ Yoast SEO plugin. -->","yoast_head_json":{"title":"KSI\u0104\u017bKA NA FERIE - ZSP","robots":{"index":"index","follow":"follow","max-snippet":"max-snippet:-1","max-image-preview":"max-image-preview:large","max-video-preview":"max-video-preview:-1"},"canonical":"https:\/\/www.zspswiecie.pl\/index.php\/2020\/01\/ferie-z-ksiazka-2\/","og_locale":"pl_PL","og_type":"article","og_title":"KSI\u0104\u017bKA NA FERIE - ZSP","og_description":"Og\u0142aszamy konkurs\u00a0 \u201eKsi\u0105\u017cka na ferie\u201d","og_url":"https:\/\/www.zspswiecie.pl\/index.php\/2020\/01\/ferie-z-ksiazka-2\/","og_site_name":"ZSP","article_publisher":"https:\/\/www.facebook.com\/people\/Zesp-Szk-Ponadpodstawowych-w-wieciu\/100057638830230\/","article_published_time":"2020-01-23T18:06:22+00:00","article_modified_time":"2020-01-25T19:25:15+00:00","og_image":[{"width":800,"height":600,"url":"https:\/\/www.zspswiecie.pl\/wp-content\/uploads\/2017\/11\/20171106_091746.jpg","type":"image\/jpeg"}],"author":"Katarzyna","twitter_misc":{"Napisane przez":"Katarzyna"},"schema":{"@context":"https:\/\/schema.org","@graph":[{"@type":"Article","@id":"https:\/\/www.zspswiecie.pl\/index.php\/2020\/01\/ferie-z-ksiazka-2\/#article","isPartOf":{"@id":"https:\/\/www.zspswiecie.pl\/index.php\/2020\/01\/ferie-z-ksiazka-2\/"},"author":{"name":"Katarzyna","@id":"https:\/\/www.zspswiecie.pl\/#\/schema\/person\/e02da1ef6b75bbd4043bfa50e22d5976"},"headline":"KSI\u0104\u017bKA NA FERIE","datePublished":"2020-01-23T18:06:22+00:00","dateModified":"2020-01-25T19:25:15+00:00","mainEntityOfPage":{"@id":"https:\/\/www.zspswiecie.pl\/index.php\/2020\/01\/ferie-z-ksiazka-2\/"},"wordCount":93,"publisher":{"@id":"https:\/\/www.zspswiecie.pl\/#organization"},"image":{"@id":"https:\/\/www.zspswiecie.pl\/index.php\/2020\/01\/ferie-z-ksiazka-2\/#primaryimage"},"thumbnailUrl":"https:\/\/www.zspswiecie.pl\/wp-content\/uploads\/2017\/11\/20171106_091746.jpg","articleSection":["Informacje"],"inLanguage":"pl-PL"},{"@type":"WebPage","@id":"https:\/\/www.zspswiecie.pl\/index.php\/2020\/01\/ferie-z-ksiazka-2\/","url":"https:\/\/www.zspswiecie.pl\/index.php\/2020\/01\/ferie-z-ksiazka-2\/","name":"KSI\u0104\u017bKA NA FERIE - ZSP","isPartOf":{"@id":"https:\/\/www.zspswiecie.pl\/#website"},"primaryImageOfPage":{"@id":"https:\/\/www.zspswiecie.pl\/index.php\/2020\/01\/ferie-z-ksiazka-2\/#primaryimage"},"image":{"@id":"https:\/\/www.zspswiecie.pl\/index.php\/2020\/01\/ferie-z-ksiazka-2\/#primaryimage"},"thumbnailUrl":"https:\/\/www.zspswiecie.pl\/wp-content\/uploads\/2017\/11\/20171106_091746.jpg","datePublished":"2020-01-23T18:06:22+00:00","dateModified":"2020-01-25T19:25:15+00:00","breadcrumb":{"@id":"https:\/\/www.zspswiecie.pl\/index.php\/2020\/01\/ferie-z-ksiazka-2\/#breadcrumb"},"inLanguage":"pl-PL","potentialAction":[{"@type":"ReadAction","target":["https:\/\/www.zspswiecie.pl\/index.php\/2020\/01\/ferie-z-ksiazka-2\/"]}]},{"@type":"ImageObject","inLanguage":"pl-PL","@id":"https:\/\/www.zspswiecie.pl\/index.php\/2020\/01\/ferie-z-ksiazka-2\/#primaryimage","url":"https:\/\/www.zspswiecie.pl\/wp-content\/uploads\/2017\/11\/20171106_091746.jpg","contentUrl":"https:\/\/www.zspswiecie.pl\/wp-content\/uploads\/2017\/11\/20171106_091746.jpg","width":800,"height":600},{"@type":"BreadcrumbList","@id":"https:\/\/www.zspswiecie.pl\/index.php\/2020\/01\/ferie-z-ksiazka-2\/#breadcrumb","itemListElement":[{"@type":"ListItem","position":1,"name":"Strona g\u0142\u00f3wna","item":"https:\/\/www.zspswiecie.pl\/index.php\/home\/strona-glowna\/"},{"@type":"ListItem","position":2,"name":"KSI\u0104\u017bKA NA FERIE"}]},{"@type":"WebSite","@id":"https:\/\/www.zspswiecie.pl\/#website","url":"https:\/\/www.zspswiecie.pl\/","name":"ZSP","description":"Zesp\u00f3\u0142 Szk\u00f3\u0142 Ponadpodstawowych","publisher":{"@id":"https:\/\/www.zspswiecie.pl\/#organization"},"potentialAction":[{"@type":"SearchAction","target":{"@type":"EntryPoint","urlTemplate":"https:\/\/www.zspswiecie.pl\/?s={search_term_string}"},"query-input":{"@type":"PropertyValueSpecification","valueRequired":true,"valueName":"search_term_string"}}],"inLanguage":"pl-PL"},{"@type":"Organization","@id":"https:\/\/www.zspswiecie.pl\/#organization","name":"Zesp\u00f3\u0142 Szk\u00f3\u0142 Ponadpodstawowych","url":"https:\/\/www.zspswiecie.pl\/","logo":{"@type":"ImageObject","inLanguage":"pl-PL","@id":"https:\/\/www.zspswiecie.pl\/#\/schema\/logo\/image\/","url":"http:\/\/www.zspswiecie.pl\/wp-content\/uploads\/2016\/03\/logo-zsp2.png","contentUrl":"http:\/\/www.zspswiecie.pl\/wp-content\/uploads\/2016\/03\/logo-zsp2.png","width":449,"height":351,"caption":"Zesp\u00f3\u0142 Szk\u00f3\u0142 Ponadpodstawowych"},"image":{"@id":"https:\/\/www.zspswiecie.pl\/#\/schema\/logo\/image\/"},"sameAs":["https:\/\/www.facebook.com\/people\/Zesp-Szk-Ponadpodstawowych-w-wieciu\/100057638830230\/"]},{"@type":"Person","@id":"https:\/\/www.zspswiecie.pl\/#\/schema\/person\/e02da1ef6b75bbd4043bfa50e22d5976","name":"Katarzyna","image":{"@type":"ImageObject","inLanguage":"pl-PL","@id":"https:\/\/www.zspswiecie.pl\/#\/schema\/person\/image\/","url":"https:\/\/secure.gravatar.com\/avatar\/cecd50f696defba6d8269961136eef4639e8542bd8a188e5817d76f2e78de1c3?s=96&d=mm&r=g","contentUrl":"https:\/\/secure.gravatar.com\/avatar\/cecd50f696defba6d8269961136eef4639e8542bd8a188e5817d76f2e78de1c3?s=96&d=mm&r=g","caption":"Katarzyna"},"url":"https:\/\/www.zspswiecie.pl\/index.php\/author\/kasia_k\/"}]}},"_links":{"self":[{"href":"https:\/\/www.zspswiecie.pl\/index.php\/wp-json\/wp\/v2\/posts\/7614","targetHints":{"allow":["GET"]}}],"collection":[{"href":"https:\/\/www.zspswiecie.pl\/index.php\/wp-json\/wp\/v2\/posts"}],"about":[{"href":"https:\/\/www.zspswiecie.pl\/index.php\/wp-json\/wp\/v2\/types\/post"}],"author":[{"embeddable":true,"href":"https:\/\/www.zspswiecie.pl\/index.php\/wp-json\/wp\/v2\/users\/2"}],"replies":[{"embeddable":true,"href":"https:\/\/www.zspswiecie.pl\/index.php\/wp-json\/wp\/v2\/comments?post=7614"}],"version-history":[{"count":4,"href":"https:\/\/www.zspswiecie.pl\/index.php\/wp-json\/wp\/v2\/posts\/7614\/revisions"}],"predecessor-version":[{"id":7618,"href":"https:\/\/www.zspswiecie.pl\/index.php\/wp-json\/wp\/v2\/posts\/7614\/revisions\/7618"}],"wp:featuredmedia":[{"embeddable":true,"href":"https:\/\/www.zspswiecie.pl\/index.php\/wp-json\/wp\/v2\/media\/3840"}],"wp:attachment":[{"href":"https:\/\/www.zspswiecie.pl\/index.php\/wp-json\/wp\/v2\/media?parent=7614"}],"wp:term":[{"taxonomy":"category","embeddable":true,"href":"https:\/\/www.zspswiecie.pl\/index.php\/wp-json\/wp\/v2\/categories?post=7614"},{"taxonomy":"post_tag","embeddable":true,"href":"https:\/\/www.zspswiecie.pl\/index.php\/wp-json\/wp\/v2\/tags?post=7614"}],"curies":[{"name":"wp","href":"https:\/\/api.w.org\/{rel}","templated":true}]}}