{"id":5724,"date":"2018-11-11T14:52:39","date_gmt":"2018-11-11T13:52:39","guid":{"rendered":"http:\/\/www.zspswiecie.pl\/?p=5724"},"modified":"2018-11-11T20:46:14","modified_gmt":"2018-11-11T19:46:14","slug":"swieto-niepodleglosci-3","status":"publish","type":"post","link":"https:\/\/www.zspswiecie.pl\/index.php\/2018\/11\/swieto-niepodleglosci-3\/","title":{"rendered":"\u015aWI\u0118TO NIEPODLEG\u0141O\u015aCI"},"content":{"rendered":"<p><strong>\u00a09 listopada<\/strong> z okazji \u015awi\u0119ta Odzyskania Niepodleg\u0142o\u015bci uczniowie naszej szko\u0142y uczestniczyli w okoliczno\u015bciowym wyk\u0142adzie o marsza\u0142ku J\u00f3zefie Pi\u0142sudzkim.\u00a0Spotkanie prowadzi\u0142a dr Katarzyna Grysi\u0144ska &#8211; Jarmu\u0142a pracownika UKW w Bydgoszczy .<\/p>\n<p><a href=\"https:\/\/www.zspswiecie.pl\/wp-content\/uploads\/2018\/11\/DSC01030.jpg\"><img loading=\"lazy\" decoding=\"async\" class=\"alignnone size-full wp-image-5732\" src=\"https:\/\/www.zspswiecie.pl\/wp-content\/uploads\/2018\/11\/DSC01030.jpg\" alt=\"DSC01030\" width=\"800\" height=\"600\" \/><\/a><\/p>\n<p><a href=\"https:\/\/www.zspswiecie.pl\/wp-content\/uploads\/2018\/11\/DSC01035.jpg\"><img loading=\"lazy\" decoding=\"async\" class=\"alignnone size-full wp-image-5731\" src=\"https:\/\/www.zspswiecie.pl\/wp-content\/uploads\/2018\/11\/DSC01035.jpg\" alt=\"DSC01035\" width=\"800\" height=\"600\" \/><\/a><\/p>\n<p>&nbsp;<\/p>\n<p>&nbsp;<\/p>\n<p><strong>\u00a0<\/strong><\/p>\n<p>&nbsp;<\/p>\n<p>&nbsp;<\/p>\n","protected":false},"excerpt":{"rendered":"<p>\u00a09 listopada z okazji \u015awi\u0119ta Odzyskania Niepodleg\u0142o\u015bci uczniowie naszej szko\u0142y uczestniczyli w okoliczno\u015bciowym wyk\u0142adzie o marsza\u0142ku J\u00f3zefie Pi\u0142sudzkim.\u00a0Spotkanie prowadzi\u0142a dr Katarzyna Grysi\u0144ska &#8211; Jarmu\u0142a&#8230; &nbsp; <a href=\"https:\/\/www.zspswiecie.pl\/index.php\/2018\/11\/swieto-niepodleglosci-3\/\" class=\"moretag\">Wi\u0119cej&#8230;<\/a><\/p>\n","protected":false},"author":2,"featured_media":5727,"comment_status":"closed","ping_status":"open","sticky":false,"template":"","format":"standard","meta":{"footnotes":""},"categories":[5],"tags":[],"class_list":["post-5724","post","type-post","status-publish","format-standard","has-post-thumbnail","hentry","category-informacje"],"yoast_head":"<!-- This site is optimized with the Yoast SEO plugin v26.8 - https:\/\/yoast.com\/product\/yoast-seo-wordpress\/ -->\n<title>\u015aWI\u0118TO NIEPODLEG\u0141O\u015aCI - ZSP<\/title>\n<meta name=\"robots\" content=\"index, follow, max-snippet:-1, max-image-preview:large, max-video-preview:-1\" \/>\n<link rel=\"canonical\" href=\"https:\/\/www.zspswiecie.pl\/index.php\/2018\/11\/swieto-niepodleglosci-3\/\" \/>\n<meta property=\"og:locale\" content=\"pl_PL\" \/>\n<meta property=\"og:type\" content=\"article\" \/>\n<meta property=\"og:title\" content=\"\u015aWI\u0118TO NIEPODLEG\u0141O\u015aCI - ZSP\" \/>\n<meta property=\"og:description\" content=\"\u00a09 listopada z okazji \u015awi\u0119ta Odzyskania Niepodleg\u0142o\u015bci uczniowie naszej szko\u0142y uczestniczyli w okoliczno\u015bciowym wyk\u0142adzie o marsza\u0142ku J\u00f3zefie Pi\u0142sudzkim.\u00a0Spotkanie prowadzi\u0142a dr Katarzyna Grysi\u0144ska &#8211; Jarmu\u0142a... &nbsp; Wi\u0119cej...\" \/>\n<meta property=\"og:url\" content=\"https:\/\/www.zspswiecie.pl\/index.php\/2018\/11\/swieto-niepodleglosci-3\/\" \/>\n<meta property=\"og:site_name\" content=\"ZSP\" \/>\n<meta property=\"article:publisher\" content=\"https:\/\/www.facebook.com\/people\/Zesp-Szk-Ponadpodstawowych-w-wieciu\/100057638830230\/\" \/>\n<meta property=\"article:published_time\" content=\"2018-11-11T13:52:39+00:00\" \/>\n<meta property=\"article:modified_time\" content=\"2018-11-11T19:46:14+00:00\" \/>\n<meta property=\"og:image\" content=\"https:\/\/www.zspswiecie.pl\/wp-content\/uploads\/2018\/11\/niepodleglosc.png\" \/>\n\t<meta property=\"og:image:width\" content=\"850\" \/>\n\t<meta property=\"og:image:height\" content=\"442\" \/>\n\t<meta property=\"og:image:type\" content=\"image\/png\" \/>\n<meta name=\"author\" content=\"Katarzyna\" \/>\n<meta name=\"twitter:label1\" content=\"Napisane przez\" \/>\n\t<meta name=\"twitter:data1\" content=\"Katarzyna\" \/>\n<script type=\"application\/ld+json\" class=\"yoast-schema-graph\">{\"@context\":\"https:\/\/schema.org\",\"@graph\":[{\"@type\":\"Article\",\"@id\":\"https:\/\/www.zspswiecie.pl\/index.php\/2018\/11\/swieto-niepodleglosci-3\/#article\",\"isPartOf\":{\"@id\":\"https:\/\/www.zspswiecie.pl\/index.php\/2018\/11\/swieto-niepodleglosci-3\/\"},\"author\":{\"name\":\"Katarzyna\",\"@id\":\"https:\/\/www.zspswiecie.pl\/#\/schema\/person\/e02da1ef6b75bbd4043bfa50e22d5976\"},\"headline\":\"\u015aWI\u0118TO NIEPODLEG\u0141O\u015aCI\",\"datePublished\":\"2018-11-11T13:52:39+00:00\",\"dateModified\":\"2018-11-11T19:46:14+00:00\",\"mainEntityOfPage\":{\"@id\":\"https:\/\/www.zspswiecie.pl\/index.php\/2018\/11\/swieto-niepodleglosci-3\/\"},\"wordCount\":49,\"publisher\":{\"@id\":\"https:\/\/www.zspswiecie.pl\/#organization\"},\"image\":{\"@id\":\"https:\/\/www.zspswiecie.pl\/index.php\/2018\/11\/swieto-niepodleglosci-3\/#primaryimage\"},\"thumbnailUrl\":\"https:\/\/www.zspswiecie.pl\/wp-content\/uploads\/2018\/11\/niepodleglosc.png\",\"articleSection\":[\"Informacje\"],\"inLanguage\":\"pl-PL\"},{\"@type\":\"WebPage\",\"@id\":\"https:\/\/www.zspswiecie.pl\/index.php\/2018\/11\/swieto-niepodleglosci-3\/\",\"url\":\"https:\/\/www.zspswiecie.pl\/index.php\/2018\/11\/swieto-niepodleglosci-3\/\",\"name\":\"\u015aWI\u0118TO NIEPODLEG\u0141O\u015aCI - ZSP\",\"isPartOf\":{\"@id\":\"https:\/\/www.zspswiecie.pl\/#website\"},\"primaryImageOfPage\":{\"@id\":\"https:\/\/www.zspswiecie.pl\/index.php\/2018\/11\/swieto-niepodleglosci-3\/#primaryimage\"},\"image\":{\"@id\":\"https:\/\/www.zspswiecie.pl\/index.php\/2018\/11\/swieto-niepodleglosci-3\/#primaryimage\"},\"thumbnailUrl\":\"https:\/\/www.zspswiecie.pl\/wp-content\/uploads\/2018\/11\/niepodleglosc.png\",\"datePublished\":\"2018-11-11T13:52:39+00:00\",\"dateModified\":\"2018-11-11T19:46:14+00:00\",\"breadcrumb\":{\"@id\":\"https:\/\/www.zspswiecie.pl\/index.php\/2018\/11\/swieto-niepodleglosci-3\/#breadcrumb\"},\"inLanguage\":\"pl-PL\",\"potentialAction\":[{\"@type\":\"ReadAction\",\"target\":[\"https:\/\/www.zspswiecie.pl\/index.php\/2018\/11\/swieto-niepodleglosci-3\/\"]}]},{\"@type\":\"ImageObject\",\"inLanguage\":\"pl-PL\",\"@id\":\"https:\/\/www.zspswiecie.pl\/index.php\/2018\/11\/swieto-niepodleglosci-3\/#primaryimage\",\"url\":\"https:\/\/www.zspswiecie.pl\/wp-content\/uploads\/2018\/11\/niepodleglosc.png\",\"contentUrl\":\"https:\/\/www.zspswiecie.pl\/wp-content\/uploads\/2018\/11\/niepodleglosc.png\",\"width\":850,\"height\":442},{\"@type\":\"BreadcrumbList\",\"@id\":\"https:\/\/www.zspswiecie.pl\/index.php\/2018\/11\/swieto-niepodleglosci-3\/#breadcrumb\",\"itemListElement\":[{\"@type\":\"ListItem\",\"position\":1,\"name\":\"Strona g\u0142\u00f3wna\",\"item\":\"https:\/\/www.zspswiecie.pl\/index.php\/home\/strona-glowna\/\"},{\"@type\":\"ListItem\",\"position\":2,\"name\":\"\u015aWI\u0118TO NIEPODLEG\u0141O\u015aCI\"}]},{\"@type\":\"WebSite\",\"@id\":\"https:\/\/www.zspswiecie.pl\/#website\",\"url\":\"https:\/\/www.zspswiecie.pl\/\",\"name\":\"ZSP\",\"description\":\"Zesp\u00f3\u0142 Szk\u00f3\u0142 Ponadpodstawowych\",\"publisher\":{\"@id\":\"https:\/\/www.zspswiecie.pl\/#organization\"},\"potentialAction\":[{\"@type\":\"SearchAction\",\"target\":{\"@type\":\"EntryPoint\",\"urlTemplate\":\"https:\/\/www.zspswiecie.pl\/?s={search_term_string}\"},\"query-input\":{\"@type\":\"PropertyValueSpecification\",\"valueRequired\":true,\"valueName\":\"search_term_string\"}}],\"inLanguage\":\"pl-PL\"},{\"@type\":\"Organization\",\"@id\":\"https:\/\/www.zspswiecie.pl\/#organization\",\"name\":\"Zesp\u00f3\u0142 Szk\u00f3\u0142 Ponadpodstawowych\",\"url\":\"https:\/\/www.zspswiecie.pl\/\",\"logo\":{\"@type\":\"ImageObject\",\"inLanguage\":\"pl-PL\",\"@id\":\"https:\/\/www.zspswiecie.pl\/#\/schema\/logo\/image\/\",\"url\":\"http:\/\/www.zspswiecie.pl\/wp-content\/uploads\/2016\/03\/logo-zsp2.png\",\"contentUrl\":\"http:\/\/www.zspswiecie.pl\/wp-content\/uploads\/2016\/03\/logo-zsp2.png\",\"width\":449,\"height\":351,\"caption\":\"Zesp\u00f3\u0142 Szk\u00f3\u0142 Ponadpodstawowych\"},\"image\":{\"@id\":\"https:\/\/www.zspswiecie.pl\/#\/schema\/logo\/image\/\"},\"sameAs\":[\"https:\/\/www.facebook.com\/people\/Zesp-Szk-Ponadpodstawowych-w-wieciu\/100057638830230\/\"]},{\"@type\":\"Person\",\"@id\":\"https:\/\/www.zspswiecie.pl\/#\/schema\/person\/e02da1ef6b75bbd4043bfa50e22d5976\",\"name\":\"Katarzyna\",\"image\":{\"@type\":\"ImageObject\",\"inLanguage\":\"pl-PL\",\"@id\":\"https:\/\/www.zspswiecie.pl\/#\/schema\/person\/image\/\",\"url\":\"https:\/\/secure.gravatar.com\/avatar\/cecd50f696defba6d8269961136eef4639e8542bd8a188e5817d76f2e78de1c3?s=96&d=mm&r=g\",\"contentUrl\":\"https:\/\/secure.gravatar.com\/avatar\/cecd50f696defba6d8269961136eef4639e8542bd8a188e5817d76f2e78de1c3?s=96&d=mm&r=g\",\"caption\":\"Katarzyna\"},\"url\":\"https:\/\/www.zspswiecie.pl\/index.php\/author\/kasia_k\/\"}]}<\/script>\n<!-- \/ Yoast SEO plugin. -->","yoast_head_json":{"title":"\u015aWI\u0118TO NIEPODLEG\u0141O\u015aCI - ZSP","robots":{"index":"index","follow":"follow","max-snippet":"max-snippet:-1","max-image-preview":"max-image-preview:large","max-video-preview":"max-video-preview:-1"},"canonical":"https:\/\/www.zspswiecie.pl\/index.php\/2018\/11\/swieto-niepodleglosci-3\/","og_locale":"pl_PL","og_type":"article","og_title":"\u015aWI\u0118TO NIEPODLEG\u0141O\u015aCI - ZSP","og_description":"\u00a09 listopada z okazji \u015awi\u0119ta Odzyskania Niepodleg\u0142o\u015bci uczniowie naszej szko\u0142y uczestniczyli w okoliczno\u015bciowym wyk\u0142adzie o marsza\u0142ku J\u00f3zefie Pi\u0142sudzkim.\u00a0Spotkanie prowadzi\u0142a dr Katarzyna Grysi\u0144ska &#8211; Jarmu\u0142a... &nbsp; Wi\u0119cej...","og_url":"https:\/\/www.zspswiecie.pl\/index.php\/2018\/11\/swieto-niepodleglosci-3\/","og_site_name":"ZSP","article_publisher":"https:\/\/www.facebook.com\/people\/Zesp-Szk-Ponadpodstawowych-w-wieciu\/100057638830230\/","article_published_time":"2018-11-11T13:52:39+00:00","article_modified_time":"2018-11-11T19:46:14+00:00","og_image":[{"width":850,"height":442,"url":"https:\/\/www.zspswiecie.pl\/wp-content\/uploads\/2018\/11\/niepodleglosc.png","type":"image\/png"}],"author":"Katarzyna","twitter_misc":{"Napisane przez":"Katarzyna"},"schema":{"@context":"https:\/\/schema.org","@graph":[{"@type":"Article","@id":"https:\/\/www.zspswiecie.pl\/index.php\/2018\/11\/swieto-niepodleglosci-3\/#article","isPartOf":{"@id":"https:\/\/www.zspswiecie.pl\/index.php\/2018\/11\/swieto-niepodleglosci-3\/"},"author":{"name":"Katarzyna","@id":"https:\/\/www.zspswiecie.pl\/#\/schema\/person\/e02da1ef6b75bbd4043bfa50e22d5976"},"headline":"\u015aWI\u0118TO NIEPODLEG\u0141O\u015aCI","datePublished":"2018-11-11T13:52:39+00:00","dateModified":"2018-11-11T19:46:14+00:00","mainEntityOfPage":{"@id":"https:\/\/www.zspswiecie.pl\/index.php\/2018\/11\/swieto-niepodleglosci-3\/"},"wordCount":49,"publisher":{"@id":"https:\/\/www.zspswiecie.pl\/#organization"},"image":{"@id":"https:\/\/www.zspswiecie.pl\/index.php\/2018\/11\/swieto-niepodleglosci-3\/#primaryimage"},"thumbnailUrl":"https:\/\/www.zspswiecie.pl\/wp-content\/uploads\/2018\/11\/niepodleglosc.png","articleSection":["Informacje"],"inLanguage":"pl-PL"},{"@type":"WebPage","@id":"https:\/\/www.zspswiecie.pl\/index.php\/2018\/11\/swieto-niepodleglosci-3\/","url":"https:\/\/www.zspswiecie.pl\/index.php\/2018\/11\/swieto-niepodleglosci-3\/","name":"\u015aWI\u0118TO NIEPODLEG\u0141O\u015aCI - ZSP","isPartOf":{"@id":"https:\/\/www.zspswiecie.pl\/#website"},"primaryImageOfPage":{"@id":"https:\/\/www.zspswiecie.pl\/index.php\/2018\/11\/swieto-niepodleglosci-3\/#primaryimage"},"image":{"@id":"https:\/\/www.zspswiecie.pl\/index.php\/2018\/11\/swieto-niepodleglosci-3\/#primaryimage"},"thumbnailUrl":"https:\/\/www.zspswiecie.pl\/wp-content\/uploads\/2018\/11\/niepodleglosc.png","datePublished":"2018-11-11T13:52:39+00:00","dateModified":"2018-11-11T19:46:14+00:00","breadcrumb":{"@id":"https:\/\/www.zspswiecie.pl\/index.php\/2018\/11\/swieto-niepodleglosci-3\/#breadcrumb"},"inLanguage":"pl-PL","potentialAction":[{"@type":"ReadAction","target":["https:\/\/www.zspswiecie.pl\/index.php\/2018\/11\/swieto-niepodleglosci-3\/"]}]},{"@type":"ImageObject","inLanguage":"pl-PL","@id":"https:\/\/www.zspswiecie.pl\/index.php\/2018\/11\/swieto-niepodleglosci-3\/#primaryimage","url":"https:\/\/www.zspswiecie.pl\/wp-content\/uploads\/2018\/11\/niepodleglosc.png","contentUrl":"https:\/\/www.zspswiecie.pl\/wp-content\/uploads\/2018\/11\/niepodleglosc.png","width":850,"height":442},{"@type":"BreadcrumbList","@id":"https:\/\/www.zspswiecie.pl\/index.php\/2018\/11\/swieto-niepodleglosci-3\/#breadcrumb","itemListElement":[{"@type":"ListItem","position":1,"name":"Strona g\u0142\u00f3wna","item":"https:\/\/www.zspswiecie.pl\/index.php\/home\/strona-glowna\/"},{"@type":"ListItem","position":2,"name":"\u015aWI\u0118TO NIEPODLEG\u0141O\u015aCI"}]},{"@type":"WebSite","@id":"https:\/\/www.zspswiecie.pl\/#website","url":"https:\/\/www.zspswiecie.pl\/","name":"ZSP","description":"Zesp\u00f3\u0142 Szk\u00f3\u0142 Ponadpodstawowych","publisher":{"@id":"https:\/\/www.zspswiecie.pl\/#organization"},"potentialAction":[{"@type":"SearchAction","target":{"@type":"EntryPoint","urlTemplate":"https:\/\/www.zspswiecie.pl\/?s={search_term_string}"},"query-input":{"@type":"PropertyValueSpecification","valueRequired":true,"valueName":"search_term_string"}}],"inLanguage":"pl-PL"},{"@type":"Organization","@id":"https:\/\/www.zspswiecie.pl\/#organization","name":"Zesp\u00f3\u0142 Szk\u00f3\u0142 Ponadpodstawowych","url":"https:\/\/www.zspswiecie.pl\/","logo":{"@type":"ImageObject","inLanguage":"pl-PL","@id":"https:\/\/www.zspswiecie.pl\/#\/schema\/logo\/image\/","url":"http:\/\/www.zspswiecie.pl\/wp-content\/uploads\/2016\/03\/logo-zsp2.png","contentUrl":"http:\/\/www.zspswiecie.pl\/wp-content\/uploads\/2016\/03\/logo-zsp2.png","width":449,"height":351,"caption":"Zesp\u00f3\u0142 Szk\u00f3\u0142 Ponadpodstawowych"},"image":{"@id":"https:\/\/www.zspswiecie.pl\/#\/schema\/logo\/image\/"},"sameAs":["https:\/\/www.facebook.com\/people\/Zesp-Szk-Ponadpodstawowych-w-wieciu\/100057638830230\/"]},{"@type":"Person","@id":"https:\/\/www.zspswiecie.pl\/#\/schema\/person\/e02da1ef6b75bbd4043bfa50e22d5976","name":"Katarzyna","image":{"@type":"ImageObject","inLanguage":"pl-PL","@id":"https:\/\/www.zspswiecie.pl\/#\/schema\/person\/image\/","url":"https:\/\/secure.gravatar.com\/avatar\/cecd50f696defba6d8269961136eef4639e8542bd8a188e5817d76f2e78de1c3?s=96&d=mm&r=g","contentUrl":"https:\/\/secure.gravatar.com\/avatar\/cecd50f696defba6d8269961136eef4639e8542bd8a188e5817d76f2e78de1c3?s=96&d=mm&r=g","caption":"Katarzyna"},"url":"https:\/\/www.zspswiecie.pl\/index.php\/author\/kasia_k\/"}]}},"_links":{"self":[{"href":"https:\/\/www.zspswiecie.pl\/index.php\/wp-json\/wp\/v2\/posts\/5724","targetHints":{"allow":["GET"]}}],"collection":[{"href":"https:\/\/www.zspswiecie.pl\/index.php\/wp-json\/wp\/v2\/posts"}],"about":[{"href":"https:\/\/www.zspswiecie.pl\/index.php\/wp-json\/wp\/v2\/types\/post"}],"author":[{"embeddable":true,"href":"https:\/\/www.zspswiecie.pl\/index.php\/wp-json\/wp\/v2\/users\/2"}],"replies":[{"embeddable":true,"href":"https:\/\/www.zspswiecie.pl\/index.php\/wp-json\/wp\/v2\/comments?post=5724"}],"version-history":[{"count":9,"href":"https:\/\/www.zspswiecie.pl\/index.php\/wp-json\/wp\/v2\/posts\/5724\/revisions"}],"predecessor-version":[{"id":5745,"href":"https:\/\/www.zspswiecie.pl\/index.php\/wp-json\/wp\/v2\/posts\/5724\/revisions\/5745"}],"wp:featuredmedia":[{"embeddable":true,"href":"https:\/\/www.zspswiecie.pl\/index.php\/wp-json\/wp\/v2\/media\/5727"}],"wp:attachment":[{"href":"https:\/\/www.zspswiecie.pl\/index.php\/wp-json\/wp\/v2\/media?parent=5724"}],"wp:term":[{"taxonomy":"category","embeddable":true,"href":"https:\/\/www.zspswiecie.pl\/index.php\/wp-json\/wp\/v2\/categories?post=5724"},{"taxonomy":"post_tag","embeddable":true,"href":"https:\/\/www.zspswiecie.pl\/index.php\/wp-json\/wp\/v2\/tags?post=5724"}],"curies":[{"name":"wp","href":"https:\/\/api.w.org\/{rel}","templated":true}]}}