{"id":5118,"date":"2018-06-21T15:03:27","date_gmt":"2018-06-21T13:03:27","guid":{"rendered":"http:\/\/www.zspswiecie.pl\/?p=5118"},"modified":"2018-06-21T15:03:27","modified_gmt":"2018-06-21T13:03:27","slug":"piknik-rodzinny-z-niepodlegla","status":"publish","type":"post","link":"https:\/\/www.zspswiecie.pl\/index.php\/2018\/06\/piknik-rodzinny-z-niepodlegla\/","title":{"rendered":"PIKNIK RODZINNY Z NIEPODLEG\u0141\u0104"},"content":{"rendered":"<p>W niedziel\u0119 17 czerwca uczniowie\u00a0 z\u00a0 naszej szko\u0142y w\u0142\u0105czyli si\u0119 w organizacj\u0119 Pikniku Rodzinnego z Niepodleg\u0142\u0105 na Zamku w \u015awieciu.<\/p>\n<p>Poczet sztandarowy uczestniczy\u0142 we mszy \u015bw. w ko\u015bciele pw. \u015bw. Andrzeja Boboli, a wolontariusze udzielali si\u0119 podczas imprezy na zamku.<\/p>\n<p>Wsp\u00f3lnie \u015bwi\u0119towali\u015bmy 100-lecie Odzyskania Niepodleg\u0142o\u015bci oraz 20-lecie istnienia Powiatu \u015awieckiego.<\/p>\n<p><a href=\"https:\/\/www.zspswiecie.pl\/wp-content\/uploads\/2018\/06\/DSC05409.jpg\"><img loading=\"lazy\" decoding=\"async\" class=\"size-full wp-image-5128\" src=\"https:\/\/www.zspswiecie.pl\/wp-content\/uploads\/2018\/06\/DSC05409.jpg\" alt=\"SONY DSC\" width=\"800\" height=\"532\" \/><\/a><\/p>\n<p><a href=\"https:\/\/www.zspswiecie.pl\/wp-content\/uploads\/2018\/06\/IMG_3147.jpg\"><img loading=\"lazy\" decoding=\"async\" class=\"alignnone size-full wp-image-5123\" src=\"https:\/\/www.zspswiecie.pl\/wp-content\/uploads\/2018\/06\/IMG_3147.jpg\" alt=\"IMG_3147\" width=\"5616\" height=\"3744\" \/><\/a><\/p>\n","protected":false},"excerpt":{"rendered":"<p>W niedziel\u0119 17 czerwca uczniowie\u00a0 z\u00a0 naszej szko\u0142y w\u0142\u0105czyli si\u0119 w organizacj\u0119 Pikniku Rodzinnego z Niepodleg\u0142\u0105 na Zamku w \u015awieciu. Poczet sztandarowy uczestniczy\u0142 we&#8230; &nbsp; <a href=\"https:\/\/www.zspswiecie.pl\/index.php\/2018\/06\/piknik-rodzinny-z-niepodlegla\/\" class=\"moretag\">Wi\u0119cej&#8230;<\/a><\/p>\n","protected":false},"author":2,"featured_media":5124,"comment_status":"closed","ping_status":"open","sticky":false,"template":"","format":"standard","meta":{"footnotes":""},"categories":[5],"tags":[],"class_list":["post-5118","post","type-post","status-publish","format-standard","has-post-thumbnail","hentry","category-informacje"],"yoast_head":"<!-- This site is optimized with the Yoast SEO plugin v26.8 - https:\/\/yoast.com\/product\/yoast-seo-wordpress\/ -->\n<title>PIKNIK RODZINNY Z NIEPODLEG\u0141\u0104 - ZSP<\/title>\n<meta name=\"robots\" content=\"index, follow, max-snippet:-1, max-image-preview:large, max-video-preview:-1\" \/>\n<link rel=\"canonical\" href=\"https:\/\/www.zspswiecie.pl\/index.php\/2018\/06\/piknik-rodzinny-z-niepodlegla\/\" \/>\n<meta property=\"og:locale\" content=\"pl_PL\" \/>\n<meta property=\"og:type\" content=\"article\" \/>\n<meta property=\"og:title\" content=\"PIKNIK RODZINNY Z NIEPODLEG\u0141\u0104 - ZSP\" \/>\n<meta property=\"og:description\" content=\"W niedziel\u0119 17 czerwca uczniowie\u00a0 z\u00a0 naszej szko\u0142y w\u0142\u0105czyli si\u0119 w organizacj\u0119 Pikniku Rodzinnego z Niepodleg\u0142\u0105 na Zamku w \u015awieciu. Poczet sztandarowy uczestniczy\u0142 we... &nbsp; Wi\u0119cej...\" \/>\n<meta property=\"og:url\" content=\"https:\/\/www.zspswiecie.pl\/index.php\/2018\/06\/piknik-rodzinny-z-niepodlegla\/\" \/>\n<meta property=\"og:site_name\" content=\"ZSP\" \/>\n<meta property=\"article:publisher\" content=\"https:\/\/www.facebook.com\/people\/Zesp-Szk-Ponadpodstawowych-w-wieciu\/100057638830230\/\" \/>\n<meta property=\"article:published_time\" content=\"2018-06-21T13:03:27+00:00\" \/>\n<meta property=\"og:image\" content=\"https:\/\/www.zspswiecie.pl\/wp-content\/uploads\/2018\/06\/IMG_3160.jpg\" \/>\n\t<meta property=\"og:image:width\" content=\"5616\" \/>\n\t<meta property=\"og:image:height\" content=\"3744\" \/>\n\t<meta property=\"og:image:type\" content=\"image\/jpeg\" \/>\n<meta name=\"author\" content=\"Katarzyna\" \/>\n<meta name=\"twitter:label1\" content=\"Napisane przez\" \/>\n\t<meta name=\"twitter:data1\" content=\"Katarzyna\" \/>\n<script type=\"application\/ld+json\" class=\"yoast-schema-graph\">{\"@context\":\"https:\/\/schema.org\",\"@graph\":[{\"@type\":\"Article\",\"@id\":\"https:\/\/www.zspswiecie.pl\/index.php\/2018\/06\/piknik-rodzinny-z-niepodlegla\/#article\",\"isPartOf\":{\"@id\":\"https:\/\/www.zspswiecie.pl\/index.php\/2018\/06\/piknik-rodzinny-z-niepodlegla\/\"},\"author\":{\"name\":\"Katarzyna\",\"@id\":\"https:\/\/www.zspswiecie.pl\/#\/schema\/person\/e02da1ef6b75bbd4043bfa50e22d5976\"},\"headline\":\"PIKNIK RODZINNY Z NIEPODLEG\u0141\u0104\",\"datePublished\":\"2018-06-21T13:03:27+00:00\",\"mainEntityOfPage\":{\"@id\":\"https:\/\/www.zspswiecie.pl\/index.php\/2018\/06\/piknik-rodzinny-z-niepodlegla\/\"},\"wordCount\":61,\"publisher\":{\"@id\":\"https:\/\/www.zspswiecie.pl\/#organization\"},\"image\":{\"@id\":\"https:\/\/www.zspswiecie.pl\/index.php\/2018\/06\/piknik-rodzinny-z-niepodlegla\/#primaryimage\"},\"thumbnailUrl\":\"https:\/\/www.zspswiecie.pl\/wp-content\/uploads\/2018\/06\/IMG_3160.jpg\",\"articleSection\":[\"Informacje\"],\"inLanguage\":\"pl-PL\"},{\"@type\":\"WebPage\",\"@id\":\"https:\/\/www.zspswiecie.pl\/index.php\/2018\/06\/piknik-rodzinny-z-niepodlegla\/\",\"url\":\"https:\/\/www.zspswiecie.pl\/index.php\/2018\/06\/piknik-rodzinny-z-niepodlegla\/\",\"name\":\"PIKNIK RODZINNY Z NIEPODLEG\u0141\u0104 - ZSP\",\"isPartOf\":{\"@id\":\"https:\/\/www.zspswiecie.pl\/#website\"},\"primaryImageOfPage\":{\"@id\":\"https:\/\/www.zspswiecie.pl\/index.php\/2018\/06\/piknik-rodzinny-z-niepodlegla\/#primaryimage\"},\"image\":{\"@id\":\"https:\/\/www.zspswiecie.pl\/index.php\/2018\/06\/piknik-rodzinny-z-niepodlegla\/#primaryimage\"},\"thumbnailUrl\":\"https:\/\/www.zspswiecie.pl\/wp-content\/uploads\/2018\/06\/IMG_3160.jpg\",\"datePublished\":\"2018-06-21T13:03:27+00:00\",\"breadcrumb\":{\"@id\":\"https:\/\/www.zspswiecie.pl\/index.php\/2018\/06\/piknik-rodzinny-z-niepodlegla\/#breadcrumb\"},\"inLanguage\":\"pl-PL\",\"potentialAction\":[{\"@type\":\"ReadAction\",\"target\":[\"https:\/\/www.zspswiecie.pl\/index.php\/2018\/06\/piknik-rodzinny-z-niepodlegla\/\"]}]},{\"@type\":\"ImageObject\",\"inLanguage\":\"pl-PL\",\"@id\":\"https:\/\/www.zspswiecie.pl\/index.php\/2018\/06\/piknik-rodzinny-z-niepodlegla\/#primaryimage\",\"url\":\"https:\/\/www.zspswiecie.pl\/wp-content\/uploads\/2018\/06\/IMG_3160.jpg\",\"contentUrl\":\"https:\/\/www.zspswiecie.pl\/wp-content\/uploads\/2018\/06\/IMG_3160.jpg\",\"width\":5616,\"height\":3744},{\"@type\":\"BreadcrumbList\",\"@id\":\"https:\/\/www.zspswiecie.pl\/index.php\/2018\/06\/piknik-rodzinny-z-niepodlegla\/#breadcrumb\",\"itemListElement\":[{\"@type\":\"ListItem\",\"position\":1,\"name\":\"Strona g\u0142\u00f3wna\",\"item\":\"https:\/\/www.zspswiecie.pl\/index.php\/home\/strona-glowna\/\"},{\"@type\":\"ListItem\",\"position\":2,\"name\":\"PIKNIK RODZINNY Z NIEPODLEG\u0141\u0104\"}]},{\"@type\":\"WebSite\",\"@id\":\"https:\/\/www.zspswiecie.pl\/#website\",\"url\":\"https:\/\/www.zspswiecie.pl\/\",\"name\":\"ZSP\",\"description\":\"Zesp\u00f3\u0142 Szk\u00f3\u0142 Ponadpodstawowych\",\"publisher\":{\"@id\":\"https:\/\/www.zspswiecie.pl\/#organization\"},\"potentialAction\":[{\"@type\":\"SearchAction\",\"target\":{\"@type\":\"EntryPoint\",\"urlTemplate\":\"https:\/\/www.zspswiecie.pl\/?s={search_term_string}\"},\"query-input\":{\"@type\":\"PropertyValueSpecification\",\"valueRequired\":true,\"valueName\":\"search_term_string\"}}],\"inLanguage\":\"pl-PL\"},{\"@type\":\"Organization\",\"@id\":\"https:\/\/www.zspswiecie.pl\/#organization\",\"name\":\"Zesp\u00f3\u0142 Szk\u00f3\u0142 Ponadpodstawowych\",\"url\":\"https:\/\/www.zspswiecie.pl\/\",\"logo\":{\"@type\":\"ImageObject\",\"inLanguage\":\"pl-PL\",\"@id\":\"https:\/\/www.zspswiecie.pl\/#\/schema\/logo\/image\/\",\"url\":\"http:\/\/www.zspswiecie.pl\/wp-content\/uploads\/2016\/03\/logo-zsp2.png\",\"contentUrl\":\"http:\/\/www.zspswiecie.pl\/wp-content\/uploads\/2016\/03\/logo-zsp2.png\",\"width\":449,\"height\":351,\"caption\":\"Zesp\u00f3\u0142 Szk\u00f3\u0142 Ponadpodstawowych\"},\"image\":{\"@id\":\"https:\/\/www.zspswiecie.pl\/#\/schema\/logo\/image\/\"},\"sameAs\":[\"https:\/\/www.facebook.com\/people\/Zesp-Szk-Ponadpodstawowych-w-wieciu\/100057638830230\/\"]},{\"@type\":\"Person\",\"@id\":\"https:\/\/www.zspswiecie.pl\/#\/schema\/person\/e02da1ef6b75bbd4043bfa50e22d5976\",\"name\":\"Katarzyna\",\"image\":{\"@type\":\"ImageObject\",\"inLanguage\":\"pl-PL\",\"@id\":\"https:\/\/www.zspswiecie.pl\/#\/schema\/person\/image\/\",\"url\":\"https:\/\/secure.gravatar.com\/avatar\/cecd50f696defba6d8269961136eef4639e8542bd8a188e5817d76f2e78de1c3?s=96&d=mm&r=g\",\"contentUrl\":\"https:\/\/secure.gravatar.com\/avatar\/cecd50f696defba6d8269961136eef4639e8542bd8a188e5817d76f2e78de1c3?s=96&d=mm&r=g\",\"caption\":\"Katarzyna\"},\"url\":\"https:\/\/www.zspswiecie.pl\/index.php\/author\/kasia_k\/\"}]}<\/script>\n<!-- \/ Yoast SEO plugin. -->","yoast_head_json":{"title":"PIKNIK RODZINNY Z NIEPODLEG\u0141\u0104 - ZSP","robots":{"index":"index","follow":"follow","max-snippet":"max-snippet:-1","max-image-preview":"max-image-preview:large","max-video-preview":"max-video-preview:-1"},"canonical":"https:\/\/www.zspswiecie.pl\/index.php\/2018\/06\/piknik-rodzinny-z-niepodlegla\/","og_locale":"pl_PL","og_type":"article","og_title":"PIKNIK RODZINNY Z NIEPODLEG\u0141\u0104 - ZSP","og_description":"W niedziel\u0119 17 czerwca uczniowie\u00a0 z\u00a0 naszej szko\u0142y w\u0142\u0105czyli si\u0119 w organizacj\u0119 Pikniku Rodzinnego z Niepodleg\u0142\u0105 na Zamku w \u015awieciu. Poczet sztandarowy uczestniczy\u0142 we... &nbsp; Wi\u0119cej...","og_url":"https:\/\/www.zspswiecie.pl\/index.php\/2018\/06\/piknik-rodzinny-z-niepodlegla\/","og_site_name":"ZSP","article_publisher":"https:\/\/www.facebook.com\/people\/Zesp-Szk-Ponadpodstawowych-w-wieciu\/100057638830230\/","article_published_time":"2018-06-21T13:03:27+00:00","og_image":[{"width":5616,"height":3744,"url":"https:\/\/www.zspswiecie.pl\/wp-content\/uploads\/2018\/06\/IMG_3160.jpg","type":"image\/jpeg"}],"author":"Katarzyna","twitter_misc":{"Napisane przez":"Katarzyna"},"schema":{"@context":"https:\/\/schema.org","@graph":[{"@type":"Article","@id":"https:\/\/www.zspswiecie.pl\/index.php\/2018\/06\/piknik-rodzinny-z-niepodlegla\/#article","isPartOf":{"@id":"https:\/\/www.zspswiecie.pl\/index.php\/2018\/06\/piknik-rodzinny-z-niepodlegla\/"},"author":{"name":"Katarzyna","@id":"https:\/\/www.zspswiecie.pl\/#\/schema\/person\/e02da1ef6b75bbd4043bfa50e22d5976"},"headline":"PIKNIK RODZINNY Z NIEPODLEG\u0141\u0104","datePublished":"2018-06-21T13:03:27+00:00","mainEntityOfPage":{"@id":"https:\/\/www.zspswiecie.pl\/index.php\/2018\/06\/piknik-rodzinny-z-niepodlegla\/"},"wordCount":61,"publisher":{"@id":"https:\/\/www.zspswiecie.pl\/#organization"},"image":{"@id":"https:\/\/www.zspswiecie.pl\/index.php\/2018\/06\/piknik-rodzinny-z-niepodlegla\/#primaryimage"},"thumbnailUrl":"https:\/\/www.zspswiecie.pl\/wp-content\/uploads\/2018\/06\/IMG_3160.jpg","articleSection":["Informacje"],"inLanguage":"pl-PL"},{"@type":"WebPage","@id":"https:\/\/www.zspswiecie.pl\/index.php\/2018\/06\/piknik-rodzinny-z-niepodlegla\/","url":"https:\/\/www.zspswiecie.pl\/index.php\/2018\/06\/piknik-rodzinny-z-niepodlegla\/","name":"PIKNIK RODZINNY Z NIEPODLEG\u0141\u0104 - ZSP","isPartOf":{"@id":"https:\/\/www.zspswiecie.pl\/#website"},"primaryImageOfPage":{"@id":"https:\/\/www.zspswiecie.pl\/index.php\/2018\/06\/piknik-rodzinny-z-niepodlegla\/#primaryimage"},"image":{"@id":"https:\/\/www.zspswiecie.pl\/index.php\/2018\/06\/piknik-rodzinny-z-niepodlegla\/#primaryimage"},"thumbnailUrl":"https:\/\/www.zspswiecie.pl\/wp-content\/uploads\/2018\/06\/IMG_3160.jpg","datePublished":"2018-06-21T13:03:27+00:00","breadcrumb":{"@id":"https:\/\/www.zspswiecie.pl\/index.php\/2018\/06\/piknik-rodzinny-z-niepodlegla\/#breadcrumb"},"inLanguage":"pl-PL","potentialAction":[{"@type":"ReadAction","target":["https:\/\/www.zspswiecie.pl\/index.php\/2018\/06\/piknik-rodzinny-z-niepodlegla\/"]}]},{"@type":"ImageObject","inLanguage":"pl-PL","@id":"https:\/\/www.zspswiecie.pl\/index.php\/2018\/06\/piknik-rodzinny-z-niepodlegla\/#primaryimage","url":"https:\/\/www.zspswiecie.pl\/wp-content\/uploads\/2018\/06\/IMG_3160.jpg","contentUrl":"https:\/\/www.zspswiecie.pl\/wp-content\/uploads\/2018\/06\/IMG_3160.jpg","width":5616,"height":3744},{"@type":"BreadcrumbList","@id":"https:\/\/www.zspswiecie.pl\/index.php\/2018\/06\/piknik-rodzinny-z-niepodlegla\/#breadcrumb","itemListElement":[{"@type":"ListItem","position":1,"name":"Strona g\u0142\u00f3wna","item":"https:\/\/www.zspswiecie.pl\/index.php\/home\/strona-glowna\/"},{"@type":"ListItem","position":2,"name":"PIKNIK RODZINNY Z NIEPODLEG\u0141\u0104"}]},{"@type":"WebSite","@id":"https:\/\/www.zspswiecie.pl\/#website","url":"https:\/\/www.zspswiecie.pl\/","name":"ZSP","description":"Zesp\u00f3\u0142 Szk\u00f3\u0142 Ponadpodstawowych","publisher":{"@id":"https:\/\/www.zspswiecie.pl\/#organization"},"potentialAction":[{"@type":"SearchAction","target":{"@type":"EntryPoint","urlTemplate":"https:\/\/www.zspswiecie.pl\/?s={search_term_string}"},"query-input":{"@type":"PropertyValueSpecification","valueRequired":true,"valueName":"search_term_string"}}],"inLanguage":"pl-PL"},{"@type":"Organization","@id":"https:\/\/www.zspswiecie.pl\/#organization","name":"Zesp\u00f3\u0142 Szk\u00f3\u0142 Ponadpodstawowych","url":"https:\/\/www.zspswiecie.pl\/","logo":{"@type":"ImageObject","inLanguage":"pl-PL","@id":"https:\/\/www.zspswiecie.pl\/#\/schema\/logo\/image\/","url":"http:\/\/www.zspswiecie.pl\/wp-content\/uploads\/2016\/03\/logo-zsp2.png","contentUrl":"http:\/\/www.zspswiecie.pl\/wp-content\/uploads\/2016\/03\/logo-zsp2.png","width":449,"height":351,"caption":"Zesp\u00f3\u0142 Szk\u00f3\u0142 Ponadpodstawowych"},"image":{"@id":"https:\/\/www.zspswiecie.pl\/#\/schema\/logo\/image\/"},"sameAs":["https:\/\/www.facebook.com\/people\/Zesp-Szk-Ponadpodstawowych-w-wieciu\/100057638830230\/"]},{"@type":"Person","@id":"https:\/\/www.zspswiecie.pl\/#\/schema\/person\/e02da1ef6b75bbd4043bfa50e22d5976","name":"Katarzyna","image":{"@type":"ImageObject","inLanguage":"pl-PL","@id":"https:\/\/www.zspswiecie.pl\/#\/schema\/person\/image\/","url":"https:\/\/secure.gravatar.com\/avatar\/cecd50f696defba6d8269961136eef4639e8542bd8a188e5817d76f2e78de1c3?s=96&d=mm&r=g","contentUrl":"https:\/\/secure.gravatar.com\/avatar\/cecd50f696defba6d8269961136eef4639e8542bd8a188e5817d76f2e78de1c3?s=96&d=mm&r=g","caption":"Katarzyna"},"url":"https:\/\/www.zspswiecie.pl\/index.php\/author\/kasia_k\/"}]}},"_links":{"self":[{"href":"https:\/\/www.zspswiecie.pl\/index.php\/wp-json\/wp\/v2\/posts\/5118","targetHints":{"allow":["GET"]}}],"collection":[{"href":"https:\/\/www.zspswiecie.pl\/index.php\/wp-json\/wp\/v2\/posts"}],"about":[{"href":"https:\/\/www.zspswiecie.pl\/index.php\/wp-json\/wp\/v2\/types\/post"}],"author":[{"embeddable":true,"href":"https:\/\/www.zspswiecie.pl\/index.php\/wp-json\/wp\/v2\/users\/2"}],"replies":[{"embeddable":true,"href":"https:\/\/www.zspswiecie.pl\/index.php\/wp-json\/wp\/v2\/comments?post=5118"}],"version-history":[{"count":3,"href":"https:\/\/www.zspswiecie.pl\/index.php\/wp-json\/wp\/v2\/posts\/5118\/revisions"}],"predecessor-version":[{"id":5129,"href":"https:\/\/www.zspswiecie.pl\/index.php\/wp-json\/wp\/v2\/posts\/5118\/revisions\/5129"}],"wp:featuredmedia":[{"embeddable":true,"href":"https:\/\/www.zspswiecie.pl\/index.php\/wp-json\/wp\/v2\/media\/5124"}],"wp:attachment":[{"href":"https:\/\/www.zspswiecie.pl\/index.php\/wp-json\/wp\/v2\/media?parent=5118"}],"wp:term":[{"taxonomy":"category","embeddable":true,"href":"https:\/\/www.zspswiecie.pl\/index.php\/wp-json\/wp\/v2\/categories?post=5118"},{"taxonomy":"post_tag","embeddable":true,"href":"https:\/\/www.zspswiecie.pl\/index.php\/wp-json\/wp\/v2\/tags?post=5118"}],"curies":[{"name":"wp","href":"https:\/\/api.w.org\/{rel}","templated":true}]}}