{"id":4820,"date":"2018-04-20T20:50:33","date_gmt":"2018-04-20T18:50:33","guid":{"rendered":"http:\/\/www.zspswiecie.pl\/?p=4820"},"modified":"2018-04-20T20:52:17","modified_gmt":"2018-04-20T18:52:17","slug":"laczy-nas-pamiec","status":"publish","type":"post","link":"https:\/\/www.zspswiecie.pl\/index.php\/2018\/04\/laczy-nas-pamiec\/","title":{"rendered":"\u0141\u0104CZY NAS PAMI\u0118\u0106"},"content":{"rendered":"<p>19 kwietnia obchodzili\u015bmy 75 rocznic\u0119 wybuchu powstania w getcie warszawskim.<\/p>\n<p>Uczniowie Zespo\u0142u Szk\u00f3\u0142 Ponadgimnazjalnych po raz kolejny wzi\u0119li udzia\u0142\u00a0w akcji \u201e\u017bonkile\u201d.<!--more--><\/p>\n<p>Z\u0142o\u017cyli\u015bmy \u017conkile na pomniku przy ul. Polnej w \u015awieciu.<\/p>\n<p>W tym miejscu w pa\u017adzierniku 1939 r. Niemcy dokonali mordu na mieszka\u0144cach \u015awiecia, w\u015br\u00f3d kt\u00f3rych by\u0142y osoby narodowo\u015bci \u017cydowskiej.<\/p>\n<p><a href=\"https:\/\/www.zspswiecie.pl\/wp-content\/uploads\/2018\/04\/20180420_105350.jpg\"><img loading=\"lazy\" decoding=\"async\" class=\"alignnone  wp-image-4818\" src=\"https:\/\/www.zspswiecie.pl\/wp-content\/uploads\/2018\/04\/20180420_105350.jpg\" alt=\"20180420_105350\" width=\"633\" height=\"475\" \/><\/a><\/p>\n<p><a href=\"https:\/\/www.zspswiecie.pl\/wp-content\/uploads\/2018\/04\/20180420_105428.jpg\"><img loading=\"lazy\" decoding=\"async\" class=\"alignnone  wp-image-4819\" src=\"https:\/\/www.zspswiecie.pl\/wp-content\/uploads\/2018\/04\/20180420_105428.jpg\" alt=\"20180420_105428\" width=\"615\" height=\"461\" \/><\/a><\/p>\n<p>Pami\u0119tamy o ludziach i \u015bwiecie, kt\u00f3rego ju\u017c nie ma.<\/p>\n","protected":false},"excerpt":{"rendered":"<p>19 kwietnia obchodzili\u015bmy 75 rocznic\u0119 wybuchu powstania w getcie warszawskim. Uczniowie Zespo\u0142u Szk\u00f3\u0142 Ponadgimnazjalnych po raz kolejny wzi\u0119li udzia\u0142\u00a0w akcji \u201e\u017bonkile\u201d.<\/p>\n","protected":false},"author":2,"featured_media":4816,"comment_status":"closed","ping_status":"open","sticky":false,"template":"","format":"standard","meta":{"footnotes":""},"categories":[5],"tags":[],"class_list":["post-4820","post","type-post","status-publish","format-standard","has-post-thumbnail","hentry","category-informacje"],"yoast_head":"<!-- This site is optimized with the Yoast SEO plugin v26.8 - https:\/\/yoast.com\/product\/yoast-seo-wordpress\/ -->\n<title>\u0141\u0104CZY NAS PAMI\u0118\u0106 - ZSP<\/title>\n<meta name=\"robots\" content=\"index, follow, max-snippet:-1, max-image-preview:large, max-video-preview:-1\" \/>\n<link rel=\"canonical\" href=\"https:\/\/www.zspswiecie.pl\/index.php\/2018\/04\/laczy-nas-pamiec\/\" \/>\n<meta property=\"og:locale\" content=\"pl_PL\" \/>\n<meta property=\"og:type\" content=\"article\" \/>\n<meta property=\"og:title\" content=\"\u0141\u0104CZY NAS PAMI\u0118\u0106 - ZSP\" \/>\n<meta property=\"og:description\" content=\"19 kwietnia obchodzili\u015bmy 75 rocznic\u0119 wybuchu powstania w getcie warszawskim. Uczniowie Zespo\u0142u Szk\u00f3\u0142 Ponadgimnazjalnych po raz kolejny wzi\u0119li udzia\u0142\u00a0w akcji \u201e\u017bonkile\u201d.\" \/>\n<meta property=\"og:url\" content=\"https:\/\/www.zspswiecie.pl\/index.php\/2018\/04\/laczy-nas-pamiec\/\" \/>\n<meta property=\"og:site_name\" content=\"ZSP\" \/>\n<meta property=\"article:publisher\" content=\"https:\/\/www.facebook.com\/people\/Zesp-Szk-Ponadpodstawowych-w-wieciu\/100057638830230\/\" \/>\n<meta property=\"article:published_time\" content=\"2018-04-20T18:50:33+00:00\" \/>\n<meta property=\"article:modified_time\" content=\"2018-04-20T18:52:17+00:00\" \/>\n<meta property=\"og:image\" content=\"https:\/\/www.zspswiecie.pl\/wp-content\/uploads\/2018\/04\/20180420_115351.jpg\" \/>\n\t<meta property=\"og:image:width\" content=\"800\" \/>\n\t<meta property=\"og:image:height\" content=\"600\" \/>\n\t<meta property=\"og:image:type\" content=\"image\/jpeg\" \/>\n<meta name=\"author\" content=\"Katarzyna\" \/>\n<meta name=\"twitter:label1\" content=\"Napisane przez\" \/>\n\t<meta name=\"twitter:data1\" content=\"Katarzyna\" \/>\n<script type=\"application\/ld+json\" class=\"yoast-schema-graph\">{\"@context\":\"https:\/\/schema.org\",\"@graph\":[{\"@type\":\"Article\",\"@id\":\"https:\/\/www.zspswiecie.pl\/index.php\/2018\/04\/laczy-nas-pamiec\/#article\",\"isPartOf\":{\"@id\":\"https:\/\/www.zspswiecie.pl\/index.php\/2018\/04\/laczy-nas-pamiec\/\"},\"author\":{\"name\":\"Katarzyna\",\"@id\":\"https:\/\/www.zspswiecie.pl\/#\/schema\/person\/e02da1ef6b75bbd4043bfa50e22d5976\"},\"headline\":\"\u0141\u0104CZY NAS PAMI\u0118\u0106\",\"datePublished\":\"2018-04-20T18:50:33+00:00\",\"dateModified\":\"2018-04-20T18:52:17+00:00\",\"mainEntityOfPage\":{\"@id\":\"https:\/\/www.zspswiecie.pl\/index.php\/2018\/04\/laczy-nas-pamiec\/\"},\"wordCount\":74,\"publisher\":{\"@id\":\"https:\/\/www.zspswiecie.pl\/#organization\"},\"image\":{\"@id\":\"https:\/\/www.zspswiecie.pl\/index.php\/2018\/04\/laczy-nas-pamiec\/#primaryimage\"},\"thumbnailUrl\":\"https:\/\/www.zspswiecie.pl\/wp-content\/uploads\/2018\/04\/20180420_115351.jpg\",\"articleSection\":[\"Informacje\"],\"inLanguage\":\"pl-PL\"},{\"@type\":\"WebPage\",\"@id\":\"https:\/\/www.zspswiecie.pl\/index.php\/2018\/04\/laczy-nas-pamiec\/\",\"url\":\"https:\/\/www.zspswiecie.pl\/index.php\/2018\/04\/laczy-nas-pamiec\/\",\"name\":\"\u0141\u0104CZY NAS PAMI\u0118\u0106 - ZSP\",\"isPartOf\":{\"@id\":\"https:\/\/www.zspswiecie.pl\/#website\"},\"primaryImageOfPage\":{\"@id\":\"https:\/\/www.zspswiecie.pl\/index.php\/2018\/04\/laczy-nas-pamiec\/#primaryimage\"},\"image\":{\"@id\":\"https:\/\/www.zspswiecie.pl\/index.php\/2018\/04\/laczy-nas-pamiec\/#primaryimage\"},\"thumbnailUrl\":\"https:\/\/www.zspswiecie.pl\/wp-content\/uploads\/2018\/04\/20180420_115351.jpg\",\"datePublished\":\"2018-04-20T18:50:33+00:00\",\"dateModified\":\"2018-04-20T18:52:17+00:00\",\"breadcrumb\":{\"@id\":\"https:\/\/www.zspswiecie.pl\/index.php\/2018\/04\/laczy-nas-pamiec\/#breadcrumb\"},\"inLanguage\":\"pl-PL\",\"potentialAction\":[{\"@type\":\"ReadAction\",\"target\":[\"https:\/\/www.zspswiecie.pl\/index.php\/2018\/04\/laczy-nas-pamiec\/\"]}]},{\"@type\":\"ImageObject\",\"inLanguage\":\"pl-PL\",\"@id\":\"https:\/\/www.zspswiecie.pl\/index.php\/2018\/04\/laczy-nas-pamiec\/#primaryimage\",\"url\":\"https:\/\/www.zspswiecie.pl\/wp-content\/uploads\/2018\/04\/20180420_115351.jpg\",\"contentUrl\":\"https:\/\/www.zspswiecie.pl\/wp-content\/uploads\/2018\/04\/20180420_115351.jpg\",\"width\":800,\"height\":600},{\"@type\":\"BreadcrumbList\",\"@id\":\"https:\/\/www.zspswiecie.pl\/index.php\/2018\/04\/laczy-nas-pamiec\/#breadcrumb\",\"itemListElement\":[{\"@type\":\"ListItem\",\"position\":1,\"name\":\"Strona g\u0142\u00f3wna\",\"item\":\"https:\/\/www.zspswiecie.pl\/index.php\/home\/strona-glowna\/\"},{\"@type\":\"ListItem\",\"position\":2,\"name\":\"\u0141\u0104CZY NAS PAMI\u0118\u0106\"}]},{\"@type\":\"WebSite\",\"@id\":\"https:\/\/www.zspswiecie.pl\/#website\",\"url\":\"https:\/\/www.zspswiecie.pl\/\",\"name\":\"ZSP\",\"description\":\"Zesp\u00f3\u0142 Szk\u00f3\u0142 Ponadpodstawowych\",\"publisher\":{\"@id\":\"https:\/\/www.zspswiecie.pl\/#organization\"},\"potentialAction\":[{\"@type\":\"SearchAction\",\"target\":{\"@type\":\"EntryPoint\",\"urlTemplate\":\"https:\/\/www.zspswiecie.pl\/?s={search_term_string}\"},\"query-input\":{\"@type\":\"PropertyValueSpecification\",\"valueRequired\":true,\"valueName\":\"search_term_string\"}}],\"inLanguage\":\"pl-PL\"},{\"@type\":\"Organization\",\"@id\":\"https:\/\/www.zspswiecie.pl\/#organization\",\"name\":\"Zesp\u00f3\u0142 Szk\u00f3\u0142 Ponadpodstawowych\",\"url\":\"https:\/\/www.zspswiecie.pl\/\",\"logo\":{\"@type\":\"ImageObject\",\"inLanguage\":\"pl-PL\",\"@id\":\"https:\/\/www.zspswiecie.pl\/#\/schema\/logo\/image\/\",\"url\":\"http:\/\/www.zspswiecie.pl\/wp-content\/uploads\/2016\/03\/logo-zsp2.png\",\"contentUrl\":\"http:\/\/www.zspswiecie.pl\/wp-content\/uploads\/2016\/03\/logo-zsp2.png\",\"width\":449,\"height\":351,\"caption\":\"Zesp\u00f3\u0142 Szk\u00f3\u0142 Ponadpodstawowych\"},\"image\":{\"@id\":\"https:\/\/www.zspswiecie.pl\/#\/schema\/logo\/image\/\"},\"sameAs\":[\"https:\/\/www.facebook.com\/people\/Zesp-Szk-Ponadpodstawowych-w-wieciu\/100057638830230\/\"]},{\"@type\":\"Person\",\"@id\":\"https:\/\/www.zspswiecie.pl\/#\/schema\/person\/e02da1ef6b75bbd4043bfa50e22d5976\",\"name\":\"Katarzyna\",\"image\":{\"@type\":\"ImageObject\",\"inLanguage\":\"pl-PL\",\"@id\":\"https:\/\/www.zspswiecie.pl\/#\/schema\/person\/image\/\",\"url\":\"https:\/\/secure.gravatar.com\/avatar\/cecd50f696defba6d8269961136eef4639e8542bd8a188e5817d76f2e78de1c3?s=96&d=mm&r=g\",\"contentUrl\":\"https:\/\/secure.gravatar.com\/avatar\/cecd50f696defba6d8269961136eef4639e8542bd8a188e5817d76f2e78de1c3?s=96&d=mm&r=g\",\"caption\":\"Katarzyna\"},\"url\":\"https:\/\/www.zspswiecie.pl\/index.php\/author\/kasia_k\/\"}]}<\/script>\n<!-- \/ Yoast SEO plugin. -->","yoast_head_json":{"title":"\u0141\u0104CZY NAS PAMI\u0118\u0106 - ZSP","robots":{"index":"index","follow":"follow","max-snippet":"max-snippet:-1","max-image-preview":"max-image-preview:large","max-video-preview":"max-video-preview:-1"},"canonical":"https:\/\/www.zspswiecie.pl\/index.php\/2018\/04\/laczy-nas-pamiec\/","og_locale":"pl_PL","og_type":"article","og_title":"\u0141\u0104CZY NAS PAMI\u0118\u0106 - ZSP","og_description":"19 kwietnia obchodzili\u015bmy 75 rocznic\u0119 wybuchu powstania w getcie warszawskim. Uczniowie Zespo\u0142u Szk\u00f3\u0142 Ponadgimnazjalnych po raz kolejny wzi\u0119li udzia\u0142\u00a0w akcji \u201e\u017bonkile\u201d.","og_url":"https:\/\/www.zspswiecie.pl\/index.php\/2018\/04\/laczy-nas-pamiec\/","og_site_name":"ZSP","article_publisher":"https:\/\/www.facebook.com\/people\/Zesp-Szk-Ponadpodstawowych-w-wieciu\/100057638830230\/","article_published_time":"2018-04-20T18:50:33+00:00","article_modified_time":"2018-04-20T18:52:17+00:00","og_image":[{"width":800,"height":600,"url":"https:\/\/www.zspswiecie.pl\/wp-content\/uploads\/2018\/04\/20180420_115351.jpg","type":"image\/jpeg"}],"author":"Katarzyna","twitter_misc":{"Napisane przez":"Katarzyna"},"schema":{"@context":"https:\/\/schema.org","@graph":[{"@type":"Article","@id":"https:\/\/www.zspswiecie.pl\/index.php\/2018\/04\/laczy-nas-pamiec\/#article","isPartOf":{"@id":"https:\/\/www.zspswiecie.pl\/index.php\/2018\/04\/laczy-nas-pamiec\/"},"author":{"name":"Katarzyna","@id":"https:\/\/www.zspswiecie.pl\/#\/schema\/person\/e02da1ef6b75bbd4043bfa50e22d5976"},"headline":"\u0141\u0104CZY NAS PAMI\u0118\u0106","datePublished":"2018-04-20T18:50:33+00:00","dateModified":"2018-04-20T18:52:17+00:00","mainEntityOfPage":{"@id":"https:\/\/www.zspswiecie.pl\/index.php\/2018\/04\/laczy-nas-pamiec\/"},"wordCount":74,"publisher":{"@id":"https:\/\/www.zspswiecie.pl\/#organization"},"image":{"@id":"https:\/\/www.zspswiecie.pl\/index.php\/2018\/04\/laczy-nas-pamiec\/#primaryimage"},"thumbnailUrl":"https:\/\/www.zspswiecie.pl\/wp-content\/uploads\/2018\/04\/20180420_115351.jpg","articleSection":["Informacje"],"inLanguage":"pl-PL"},{"@type":"WebPage","@id":"https:\/\/www.zspswiecie.pl\/index.php\/2018\/04\/laczy-nas-pamiec\/","url":"https:\/\/www.zspswiecie.pl\/index.php\/2018\/04\/laczy-nas-pamiec\/","name":"\u0141\u0104CZY NAS PAMI\u0118\u0106 - ZSP","isPartOf":{"@id":"https:\/\/www.zspswiecie.pl\/#website"},"primaryImageOfPage":{"@id":"https:\/\/www.zspswiecie.pl\/index.php\/2018\/04\/laczy-nas-pamiec\/#primaryimage"},"image":{"@id":"https:\/\/www.zspswiecie.pl\/index.php\/2018\/04\/laczy-nas-pamiec\/#primaryimage"},"thumbnailUrl":"https:\/\/www.zspswiecie.pl\/wp-content\/uploads\/2018\/04\/20180420_115351.jpg","datePublished":"2018-04-20T18:50:33+00:00","dateModified":"2018-04-20T18:52:17+00:00","breadcrumb":{"@id":"https:\/\/www.zspswiecie.pl\/index.php\/2018\/04\/laczy-nas-pamiec\/#breadcrumb"},"inLanguage":"pl-PL","potentialAction":[{"@type":"ReadAction","target":["https:\/\/www.zspswiecie.pl\/index.php\/2018\/04\/laczy-nas-pamiec\/"]}]},{"@type":"ImageObject","inLanguage":"pl-PL","@id":"https:\/\/www.zspswiecie.pl\/index.php\/2018\/04\/laczy-nas-pamiec\/#primaryimage","url":"https:\/\/www.zspswiecie.pl\/wp-content\/uploads\/2018\/04\/20180420_115351.jpg","contentUrl":"https:\/\/www.zspswiecie.pl\/wp-content\/uploads\/2018\/04\/20180420_115351.jpg","width":800,"height":600},{"@type":"BreadcrumbList","@id":"https:\/\/www.zspswiecie.pl\/index.php\/2018\/04\/laczy-nas-pamiec\/#breadcrumb","itemListElement":[{"@type":"ListItem","position":1,"name":"Strona g\u0142\u00f3wna","item":"https:\/\/www.zspswiecie.pl\/index.php\/home\/strona-glowna\/"},{"@type":"ListItem","position":2,"name":"\u0141\u0104CZY NAS PAMI\u0118\u0106"}]},{"@type":"WebSite","@id":"https:\/\/www.zspswiecie.pl\/#website","url":"https:\/\/www.zspswiecie.pl\/","name":"ZSP","description":"Zesp\u00f3\u0142 Szk\u00f3\u0142 Ponadpodstawowych","publisher":{"@id":"https:\/\/www.zspswiecie.pl\/#organization"},"potentialAction":[{"@type":"SearchAction","target":{"@type":"EntryPoint","urlTemplate":"https:\/\/www.zspswiecie.pl\/?s={search_term_string}"},"query-input":{"@type":"PropertyValueSpecification","valueRequired":true,"valueName":"search_term_string"}}],"inLanguage":"pl-PL"},{"@type":"Organization","@id":"https:\/\/www.zspswiecie.pl\/#organization","name":"Zesp\u00f3\u0142 Szk\u00f3\u0142 Ponadpodstawowych","url":"https:\/\/www.zspswiecie.pl\/","logo":{"@type":"ImageObject","inLanguage":"pl-PL","@id":"https:\/\/www.zspswiecie.pl\/#\/schema\/logo\/image\/","url":"http:\/\/www.zspswiecie.pl\/wp-content\/uploads\/2016\/03\/logo-zsp2.png","contentUrl":"http:\/\/www.zspswiecie.pl\/wp-content\/uploads\/2016\/03\/logo-zsp2.png","width":449,"height":351,"caption":"Zesp\u00f3\u0142 Szk\u00f3\u0142 Ponadpodstawowych"},"image":{"@id":"https:\/\/www.zspswiecie.pl\/#\/schema\/logo\/image\/"},"sameAs":["https:\/\/www.facebook.com\/people\/Zesp-Szk-Ponadpodstawowych-w-wieciu\/100057638830230\/"]},{"@type":"Person","@id":"https:\/\/www.zspswiecie.pl\/#\/schema\/person\/e02da1ef6b75bbd4043bfa50e22d5976","name":"Katarzyna","image":{"@type":"ImageObject","inLanguage":"pl-PL","@id":"https:\/\/www.zspswiecie.pl\/#\/schema\/person\/image\/","url":"https:\/\/secure.gravatar.com\/avatar\/cecd50f696defba6d8269961136eef4639e8542bd8a188e5817d76f2e78de1c3?s=96&d=mm&r=g","contentUrl":"https:\/\/secure.gravatar.com\/avatar\/cecd50f696defba6d8269961136eef4639e8542bd8a188e5817d76f2e78de1c3?s=96&d=mm&r=g","caption":"Katarzyna"},"url":"https:\/\/www.zspswiecie.pl\/index.php\/author\/kasia_k\/"}]}},"_links":{"self":[{"href":"https:\/\/www.zspswiecie.pl\/index.php\/wp-json\/wp\/v2\/posts\/4820","targetHints":{"allow":["GET"]}}],"collection":[{"href":"https:\/\/www.zspswiecie.pl\/index.php\/wp-json\/wp\/v2\/posts"}],"about":[{"href":"https:\/\/www.zspswiecie.pl\/index.php\/wp-json\/wp\/v2\/types\/post"}],"author":[{"embeddable":true,"href":"https:\/\/www.zspswiecie.pl\/index.php\/wp-json\/wp\/v2\/users\/2"}],"replies":[{"embeddable":true,"href":"https:\/\/www.zspswiecie.pl\/index.php\/wp-json\/wp\/v2\/comments?post=4820"}],"version-history":[{"count":5,"href":"https:\/\/www.zspswiecie.pl\/index.php\/wp-json\/wp\/v2\/posts\/4820\/revisions"}],"predecessor-version":[{"id":4825,"href":"https:\/\/www.zspswiecie.pl\/index.php\/wp-json\/wp\/v2\/posts\/4820\/revisions\/4825"}],"wp:featuredmedia":[{"embeddable":true,"href":"https:\/\/www.zspswiecie.pl\/index.php\/wp-json\/wp\/v2\/media\/4816"}],"wp:attachment":[{"href":"https:\/\/www.zspswiecie.pl\/index.php\/wp-json\/wp\/v2\/media?parent=4820"}],"wp:term":[{"taxonomy":"category","embeddable":true,"href":"https:\/\/www.zspswiecie.pl\/index.php\/wp-json\/wp\/v2\/categories?post=4820"},{"taxonomy":"post_tag","embeddable":true,"href":"https:\/\/www.zspswiecie.pl\/index.php\/wp-json\/wp\/v2\/tags?post=4820"}],"curies":[{"name":"wp","href":"https:\/\/api.w.org\/{rel}","templated":true}]}}