{"id":4165,"date":"2018-01-05T12:37:38","date_gmt":"2018-01-05T11:37:38","guid":{"rendered":"http:\/\/www.zspswiecie.pl\/?p=4165"},"modified":"2018-01-05T12:49:49","modified_gmt":"2018-01-05T11:49:49","slug":"sportowiec-roku","status":"publish","type":"post","link":"https:\/\/www.zspswiecie.pl\/index.php\/2018\/01\/sportowiec-roku\/","title":{"rendered":"SPORTOWIEC ROKU"},"content":{"rendered":"<p>Rozstrzygni\u0119to plebiscyt SPORTOWIEC ROKU Kujaw i Pomorza, zorganizowany przez Gazet\u0119 Pomorsk\u0105.<\/p>\n<p>W powiecie \u015bwieckim tytu\u0142 TRENERA ROKU zdoby\u0142\u00a0 Pan Tomasz P\u0142achecki- nauczyciel naszej szko\u0142y. SPORTOWCEM ROKU\u00a0 zosta\u0142a Marta Muszy\u0144ska- uczennica kl. I LO.<\/p>\n<p><a href=\"https:\/\/www.zspswiecie.pl\/wp-content\/uploads\/2018\/01\/received_953965034759503.jpg\"><img loading=\"lazy\" decoding=\"async\" class=\"alignnone size-full wp-image-4166\" src=\"https:\/\/www.zspswiecie.pl\/wp-content\/uploads\/2018\/01\/received_953965034759503.jpg\" alt=\"received_953965034759503\" width=\"450\" height=\"600\" srcset=\"https:\/\/www.zspswiecie.pl\/wp-content\/uploads\/2018\/01\/received_953965034759503.jpg 450w, https:\/\/www.zspswiecie.pl\/wp-content\/uploads\/2018\/01\/received_953965034759503-225x300.jpg 225w\" sizes=\"auto, (max-width: 450px) 100vw, 450px\" \/><\/a><\/p>\n","protected":false},"excerpt":{"rendered":"<p>Rozstrzygni\u0119to plebiscyt SPORTOWIEC ROKU Kujaw i Pomorza, zorganizowany przez Gazet\u0119 Pomorsk\u0105. W powiecie \u015bwieckim tytu\u0142 TRENERA ROKU zdoby\u0142\u00a0 Pan Tomasz P\u0142achecki- nauczyciel naszej szko\u0142y&#8230;. &nbsp; <a href=\"https:\/\/www.zspswiecie.pl\/index.php\/2018\/01\/sportowiec-roku\/\" class=\"moretag\">Wi\u0119cej&#8230;<\/a><\/p>\n","protected":false},"author":2,"featured_media":4167,"comment_status":"closed","ping_status":"open","sticky":false,"template":"","format":"standard","meta":{"footnotes":""},"categories":[5],"tags":[],"class_list":["post-4165","post","type-post","status-publish","format-standard","has-post-thumbnail","hentry","category-informacje"],"yoast_head":"<!-- This site is optimized with the Yoast SEO plugin v26.8 - https:\/\/yoast.com\/product\/yoast-seo-wordpress\/ -->\n<title>SPORTOWIEC ROKU - ZSP<\/title>\n<meta name=\"robots\" content=\"index, follow, max-snippet:-1, max-image-preview:large, max-video-preview:-1\" \/>\n<link rel=\"canonical\" href=\"https:\/\/www.zspswiecie.pl\/index.php\/2018\/01\/sportowiec-roku\/\" \/>\n<meta property=\"og:locale\" content=\"pl_PL\" \/>\n<meta property=\"og:type\" content=\"article\" \/>\n<meta property=\"og:title\" content=\"SPORTOWIEC ROKU - ZSP\" \/>\n<meta property=\"og:description\" content=\"Rozstrzygni\u0119to plebiscyt SPORTOWIEC ROKU Kujaw i Pomorza, zorganizowany przez Gazet\u0119 Pomorsk\u0105. W powiecie \u015bwieckim tytu\u0142 TRENERA ROKU zdoby\u0142\u00a0 Pan Tomasz P\u0142achecki- nauczyciel naszej szko\u0142y.... &nbsp; Wi\u0119cej...\" \/>\n<meta property=\"og:url\" content=\"https:\/\/www.zspswiecie.pl\/index.php\/2018\/01\/sportowiec-roku\/\" \/>\n<meta property=\"og:site_name\" content=\"ZSP\" \/>\n<meta property=\"article:publisher\" content=\"https:\/\/www.facebook.com\/people\/Zesp-Szk-Ponadpodstawowych-w-wieciu\/100057638830230\/\" \/>\n<meta property=\"article:published_time\" content=\"2018-01-05T11:37:38+00:00\" \/>\n<meta property=\"article:modified_time\" content=\"2018-01-05T11:49:49+00:00\" \/>\n<meta property=\"og:image\" content=\"https:\/\/www.zspswiecie.pl\/wp-content\/uploads\/2018\/01\/5a0accf564aa3_osize640x400q71hfb7852.jpg\" \/>\n\t<meta property=\"og:image:width\" content=\"800\" \/>\n\t<meta property=\"og:image:height\" content=\"500\" \/>\n\t<meta property=\"og:image:type\" content=\"image\/jpeg\" \/>\n<meta name=\"author\" content=\"Katarzyna\" \/>\n<meta name=\"twitter:label1\" content=\"Napisane przez\" \/>\n\t<meta name=\"twitter:data1\" content=\"Katarzyna\" \/>\n<script type=\"application\/ld+json\" class=\"yoast-schema-graph\">{\"@context\":\"https:\/\/schema.org\",\"@graph\":[{\"@type\":\"Article\",\"@id\":\"https:\/\/www.zspswiecie.pl\/index.php\/2018\/01\/sportowiec-roku\/#article\",\"isPartOf\":{\"@id\":\"https:\/\/www.zspswiecie.pl\/index.php\/2018\/01\/sportowiec-roku\/\"},\"author\":{\"name\":\"Katarzyna\",\"@id\":\"https:\/\/www.zspswiecie.pl\/#\/schema\/person\/e02da1ef6b75bbd4043bfa50e22d5976\"},\"headline\":\"SPORTOWIEC ROKU\",\"datePublished\":\"2018-01-05T11:37:38+00:00\",\"dateModified\":\"2018-01-05T11:49:49+00:00\",\"mainEntityOfPage\":{\"@id\":\"https:\/\/www.zspswiecie.pl\/index.php\/2018\/01\/sportowiec-roku\/\"},\"wordCount\":40,\"publisher\":{\"@id\":\"https:\/\/www.zspswiecie.pl\/#organization\"},\"image\":{\"@id\":\"https:\/\/www.zspswiecie.pl\/index.php\/2018\/01\/sportowiec-roku\/#primaryimage\"},\"thumbnailUrl\":\"https:\/\/www.zspswiecie.pl\/wp-content\/uploads\/2018\/01\/5a0accf564aa3_osize640x400q71hfb7852.jpg\",\"articleSection\":[\"Informacje\"],\"inLanguage\":\"pl-PL\"},{\"@type\":\"WebPage\",\"@id\":\"https:\/\/www.zspswiecie.pl\/index.php\/2018\/01\/sportowiec-roku\/\",\"url\":\"https:\/\/www.zspswiecie.pl\/index.php\/2018\/01\/sportowiec-roku\/\",\"name\":\"SPORTOWIEC ROKU - ZSP\",\"isPartOf\":{\"@id\":\"https:\/\/www.zspswiecie.pl\/#website\"},\"primaryImageOfPage\":{\"@id\":\"https:\/\/www.zspswiecie.pl\/index.php\/2018\/01\/sportowiec-roku\/#primaryimage\"},\"image\":{\"@id\":\"https:\/\/www.zspswiecie.pl\/index.php\/2018\/01\/sportowiec-roku\/#primaryimage\"},\"thumbnailUrl\":\"https:\/\/www.zspswiecie.pl\/wp-content\/uploads\/2018\/01\/5a0accf564aa3_osize640x400q71hfb7852.jpg\",\"datePublished\":\"2018-01-05T11:37:38+00:00\",\"dateModified\":\"2018-01-05T11:49:49+00:00\",\"breadcrumb\":{\"@id\":\"https:\/\/www.zspswiecie.pl\/index.php\/2018\/01\/sportowiec-roku\/#breadcrumb\"},\"inLanguage\":\"pl-PL\",\"potentialAction\":[{\"@type\":\"ReadAction\",\"target\":[\"https:\/\/www.zspswiecie.pl\/index.php\/2018\/01\/sportowiec-roku\/\"]}]},{\"@type\":\"ImageObject\",\"inLanguage\":\"pl-PL\",\"@id\":\"https:\/\/www.zspswiecie.pl\/index.php\/2018\/01\/sportowiec-roku\/#primaryimage\",\"url\":\"https:\/\/www.zspswiecie.pl\/wp-content\/uploads\/2018\/01\/5a0accf564aa3_osize640x400q71hfb7852.jpg\",\"contentUrl\":\"https:\/\/www.zspswiecie.pl\/wp-content\/uploads\/2018\/01\/5a0accf564aa3_osize640x400q71hfb7852.jpg\",\"width\":800,\"height\":500},{\"@type\":\"BreadcrumbList\",\"@id\":\"https:\/\/www.zspswiecie.pl\/index.php\/2018\/01\/sportowiec-roku\/#breadcrumb\",\"itemListElement\":[{\"@type\":\"ListItem\",\"position\":1,\"name\":\"Strona g\u0142\u00f3wna\",\"item\":\"https:\/\/www.zspswiecie.pl\/index.php\/home\/strona-glowna\/\"},{\"@type\":\"ListItem\",\"position\":2,\"name\":\"SPORTOWIEC ROKU\"}]},{\"@type\":\"WebSite\",\"@id\":\"https:\/\/www.zspswiecie.pl\/#website\",\"url\":\"https:\/\/www.zspswiecie.pl\/\",\"name\":\"ZSP\",\"description\":\"Zesp\u00f3\u0142 Szk\u00f3\u0142 Ponadpodstawowych\",\"publisher\":{\"@id\":\"https:\/\/www.zspswiecie.pl\/#organization\"},\"potentialAction\":[{\"@type\":\"SearchAction\",\"target\":{\"@type\":\"EntryPoint\",\"urlTemplate\":\"https:\/\/www.zspswiecie.pl\/?s={search_term_string}\"},\"query-input\":{\"@type\":\"PropertyValueSpecification\",\"valueRequired\":true,\"valueName\":\"search_term_string\"}}],\"inLanguage\":\"pl-PL\"},{\"@type\":\"Organization\",\"@id\":\"https:\/\/www.zspswiecie.pl\/#organization\",\"name\":\"Zesp\u00f3\u0142 Szk\u00f3\u0142 Ponadpodstawowych\",\"url\":\"https:\/\/www.zspswiecie.pl\/\",\"logo\":{\"@type\":\"ImageObject\",\"inLanguage\":\"pl-PL\",\"@id\":\"https:\/\/www.zspswiecie.pl\/#\/schema\/logo\/image\/\",\"url\":\"http:\/\/www.zspswiecie.pl\/wp-content\/uploads\/2016\/03\/logo-zsp2.png\",\"contentUrl\":\"http:\/\/www.zspswiecie.pl\/wp-content\/uploads\/2016\/03\/logo-zsp2.png\",\"width\":449,\"height\":351,\"caption\":\"Zesp\u00f3\u0142 Szk\u00f3\u0142 Ponadpodstawowych\"},\"image\":{\"@id\":\"https:\/\/www.zspswiecie.pl\/#\/schema\/logo\/image\/\"},\"sameAs\":[\"https:\/\/www.facebook.com\/people\/Zesp-Szk-Ponadpodstawowych-w-wieciu\/100057638830230\/\"]},{\"@type\":\"Person\",\"@id\":\"https:\/\/www.zspswiecie.pl\/#\/schema\/person\/e02da1ef6b75bbd4043bfa50e22d5976\",\"name\":\"Katarzyna\",\"image\":{\"@type\":\"ImageObject\",\"inLanguage\":\"pl-PL\",\"@id\":\"https:\/\/www.zspswiecie.pl\/#\/schema\/person\/image\/\",\"url\":\"https:\/\/secure.gravatar.com\/avatar\/cecd50f696defba6d8269961136eef4639e8542bd8a188e5817d76f2e78de1c3?s=96&d=mm&r=g\",\"contentUrl\":\"https:\/\/secure.gravatar.com\/avatar\/cecd50f696defba6d8269961136eef4639e8542bd8a188e5817d76f2e78de1c3?s=96&d=mm&r=g\",\"caption\":\"Katarzyna\"},\"url\":\"https:\/\/www.zspswiecie.pl\/index.php\/author\/kasia_k\/\"}]}<\/script>\n<!-- \/ Yoast SEO plugin. -->","yoast_head_json":{"title":"SPORTOWIEC ROKU - ZSP","robots":{"index":"index","follow":"follow","max-snippet":"max-snippet:-1","max-image-preview":"max-image-preview:large","max-video-preview":"max-video-preview:-1"},"canonical":"https:\/\/www.zspswiecie.pl\/index.php\/2018\/01\/sportowiec-roku\/","og_locale":"pl_PL","og_type":"article","og_title":"SPORTOWIEC ROKU - ZSP","og_description":"Rozstrzygni\u0119to plebiscyt SPORTOWIEC ROKU Kujaw i Pomorza, zorganizowany przez Gazet\u0119 Pomorsk\u0105. W powiecie \u015bwieckim tytu\u0142 TRENERA ROKU zdoby\u0142\u00a0 Pan Tomasz P\u0142achecki- nauczyciel naszej szko\u0142y.... &nbsp; Wi\u0119cej...","og_url":"https:\/\/www.zspswiecie.pl\/index.php\/2018\/01\/sportowiec-roku\/","og_site_name":"ZSP","article_publisher":"https:\/\/www.facebook.com\/people\/Zesp-Szk-Ponadpodstawowych-w-wieciu\/100057638830230\/","article_published_time":"2018-01-05T11:37:38+00:00","article_modified_time":"2018-01-05T11:49:49+00:00","og_image":[{"width":800,"height":500,"url":"https:\/\/www.zspswiecie.pl\/wp-content\/uploads\/2018\/01\/5a0accf564aa3_osize640x400q71hfb7852.jpg","type":"image\/jpeg"}],"author":"Katarzyna","twitter_misc":{"Napisane przez":"Katarzyna"},"schema":{"@context":"https:\/\/schema.org","@graph":[{"@type":"Article","@id":"https:\/\/www.zspswiecie.pl\/index.php\/2018\/01\/sportowiec-roku\/#article","isPartOf":{"@id":"https:\/\/www.zspswiecie.pl\/index.php\/2018\/01\/sportowiec-roku\/"},"author":{"name":"Katarzyna","@id":"https:\/\/www.zspswiecie.pl\/#\/schema\/person\/e02da1ef6b75bbd4043bfa50e22d5976"},"headline":"SPORTOWIEC ROKU","datePublished":"2018-01-05T11:37:38+00:00","dateModified":"2018-01-05T11:49:49+00:00","mainEntityOfPage":{"@id":"https:\/\/www.zspswiecie.pl\/index.php\/2018\/01\/sportowiec-roku\/"},"wordCount":40,"publisher":{"@id":"https:\/\/www.zspswiecie.pl\/#organization"},"image":{"@id":"https:\/\/www.zspswiecie.pl\/index.php\/2018\/01\/sportowiec-roku\/#primaryimage"},"thumbnailUrl":"https:\/\/www.zspswiecie.pl\/wp-content\/uploads\/2018\/01\/5a0accf564aa3_osize640x400q71hfb7852.jpg","articleSection":["Informacje"],"inLanguage":"pl-PL"},{"@type":"WebPage","@id":"https:\/\/www.zspswiecie.pl\/index.php\/2018\/01\/sportowiec-roku\/","url":"https:\/\/www.zspswiecie.pl\/index.php\/2018\/01\/sportowiec-roku\/","name":"SPORTOWIEC ROKU - ZSP","isPartOf":{"@id":"https:\/\/www.zspswiecie.pl\/#website"},"primaryImageOfPage":{"@id":"https:\/\/www.zspswiecie.pl\/index.php\/2018\/01\/sportowiec-roku\/#primaryimage"},"image":{"@id":"https:\/\/www.zspswiecie.pl\/index.php\/2018\/01\/sportowiec-roku\/#primaryimage"},"thumbnailUrl":"https:\/\/www.zspswiecie.pl\/wp-content\/uploads\/2018\/01\/5a0accf564aa3_osize640x400q71hfb7852.jpg","datePublished":"2018-01-05T11:37:38+00:00","dateModified":"2018-01-05T11:49:49+00:00","breadcrumb":{"@id":"https:\/\/www.zspswiecie.pl\/index.php\/2018\/01\/sportowiec-roku\/#breadcrumb"},"inLanguage":"pl-PL","potentialAction":[{"@type":"ReadAction","target":["https:\/\/www.zspswiecie.pl\/index.php\/2018\/01\/sportowiec-roku\/"]}]},{"@type":"ImageObject","inLanguage":"pl-PL","@id":"https:\/\/www.zspswiecie.pl\/index.php\/2018\/01\/sportowiec-roku\/#primaryimage","url":"https:\/\/www.zspswiecie.pl\/wp-content\/uploads\/2018\/01\/5a0accf564aa3_osize640x400q71hfb7852.jpg","contentUrl":"https:\/\/www.zspswiecie.pl\/wp-content\/uploads\/2018\/01\/5a0accf564aa3_osize640x400q71hfb7852.jpg","width":800,"height":500},{"@type":"BreadcrumbList","@id":"https:\/\/www.zspswiecie.pl\/index.php\/2018\/01\/sportowiec-roku\/#breadcrumb","itemListElement":[{"@type":"ListItem","position":1,"name":"Strona g\u0142\u00f3wna","item":"https:\/\/www.zspswiecie.pl\/index.php\/home\/strona-glowna\/"},{"@type":"ListItem","position":2,"name":"SPORTOWIEC ROKU"}]},{"@type":"WebSite","@id":"https:\/\/www.zspswiecie.pl\/#website","url":"https:\/\/www.zspswiecie.pl\/","name":"ZSP","description":"Zesp\u00f3\u0142 Szk\u00f3\u0142 Ponadpodstawowych","publisher":{"@id":"https:\/\/www.zspswiecie.pl\/#organization"},"potentialAction":[{"@type":"SearchAction","target":{"@type":"EntryPoint","urlTemplate":"https:\/\/www.zspswiecie.pl\/?s={search_term_string}"},"query-input":{"@type":"PropertyValueSpecification","valueRequired":true,"valueName":"search_term_string"}}],"inLanguage":"pl-PL"},{"@type":"Organization","@id":"https:\/\/www.zspswiecie.pl\/#organization","name":"Zesp\u00f3\u0142 Szk\u00f3\u0142 Ponadpodstawowych","url":"https:\/\/www.zspswiecie.pl\/","logo":{"@type":"ImageObject","inLanguage":"pl-PL","@id":"https:\/\/www.zspswiecie.pl\/#\/schema\/logo\/image\/","url":"http:\/\/www.zspswiecie.pl\/wp-content\/uploads\/2016\/03\/logo-zsp2.png","contentUrl":"http:\/\/www.zspswiecie.pl\/wp-content\/uploads\/2016\/03\/logo-zsp2.png","width":449,"height":351,"caption":"Zesp\u00f3\u0142 Szk\u00f3\u0142 Ponadpodstawowych"},"image":{"@id":"https:\/\/www.zspswiecie.pl\/#\/schema\/logo\/image\/"},"sameAs":["https:\/\/www.facebook.com\/people\/Zesp-Szk-Ponadpodstawowych-w-wieciu\/100057638830230\/"]},{"@type":"Person","@id":"https:\/\/www.zspswiecie.pl\/#\/schema\/person\/e02da1ef6b75bbd4043bfa50e22d5976","name":"Katarzyna","image":{"@type":"ImageObject","inLanguage":"pl-PL","@id":"https:\/\/www.zspswiecie.pl\/#\/schema\/person\/image\/","url":"https:\/\/secure.gravatar.com\/avatar\/cecd50f696defba6d8269961136eef4639e8542bd8a188e5817d76f2e78de1c3?s=96&d=mm&r=g","contentUrl":"https:\/\/secure.gravatar.com\/avatar\/cecd50f696defba6d8269961136eef4639e8542bd8a188e5817d76f2e78de1c3?s=96&d=mm&r=g","caption":"Katarzyna"},"url":"https:\/\/www.zspswiecie.pl\/index.php\/author\/kasia_k\/"}]}},"_links":{"self":[{"href":"https:\/\/www.zspswiecie.pl\/index.php\/wp-json\/wp\/v2\/posts\/4165","targetHints":{"allow":["GET"]}}],"collection":[{"href":"https:\/\/www.zspswiecie.pl\/index.php\/wp-json\/wp\/v2\/posts"}],"about":[{"href":"https:\/\/www.zspswiecie.pl\/index.php\/wp-json\/wp\/v2\/types\/post"}],"author":[{"embeddable":true,"href":"https:\/\/www.zspswiecie.pl\/index.php\/wp-json\/wp\/v2\/users\/2"}],"replies":[{"embeddable":true,"href":"https:\/\/www.zspswiecie.pl\/index.php\/wp-json\/wp\/v2\/comments?post=4165"}],"version-history":[{"count":4,"href":"https:\/\/www.zspswiecie.pl\/index.php\/wp-json\/wp\/v2\/posts\/4165\/revisions"}],"predecessor-version":[{"id":4171,"href":"https:\/\/www.zspswiecie.pl\/index.php\/wp-json\/wp\/v2\/posts\/4165\/revisions\/4171"}],"wp:featuredmedia":[{"embeddable":true,"href":"https:\/\/www.zspswiecie.pl\/index.php\/wp-json\/wp\/v2\/media\/4167"}],"wp:attachment":[{"href":"https:\/\/www.zspswiecie.pl\/index.php\/wp-json\/wp\/v2\/media?parent=4165"}],"wp:term":[{"taxonomy":"category","embeddable":true,"href":"https:\/\/www.zspswiecie.pl\/index.php\/wp-json\/wp\/v2\/categories?post=4165"},{"taxonomy":"post_tag","embeddable":true,"href":"https:\/\/www.zspswiecie.pl\/index.php\/wp-json\/wp\/v2\/tags?post=4165"}],"curies":[{"name":"wp","href":"https:\/\/api.w.org\/{rel}","templated":true}]}}