{"id":3329,"date":"2017-06-09T08:20:59","date_gmt":"2017-06-09T06:20:59","guid":{"rendered":"http:\/\/www.zspswiecie.pl\/?p=3329"},"modified":"2017-06-09T11:35:53","modified_gmt":"2017-06-09T09:35:53","slug":"drzewko-roku-2017","status":"publish","type":"post","link":"https:\/\/www.zspswiecie.pl\/index.php\/2017\/06\/drzewko-roku-2017\/","title":{"rendered":"DRZEWO ROKU 2017"},"content":{"rendered":"<div>ZAPRASZAMY\u00a0 &#8211; konkurs na\u00a0DRZEWO\u00a0 ROKU<\/div>\n<div>G\u0142osujcie na nasz d\u0105b -,, <strong>KAZIMIERZ<\/strong> <strong>WIELKI <\/strong>&#8221;<strong> w B\u0105kowie &#8211; jest na 13 pozycji wykazu<\/strong><\/div>\n<div><\/div>\n<p>W tegorocznym konkursie Drzewo Roku udzia\u0142 bierze 16 drzew z ca\u0142ej Polski. O tym, kt\u00f3re drzewo zdob\u0119dzie tytu\u0142 Drzewa Roku 2017, zadecyduj\u0105 swoimi g\u0142osami internauci.<\/p>\n<p>G\u0142osujemy przez ca\u0142y czerwiec. <strong>G\u0141OSOWA\u0106 KA\u017bDY MO\u017bE TYLKO RAZ !!!<\/strong><\/p>\n<p>Drzewa-finali\u015bci zostali wy\u0142onieni przez jury konkursu, z\u0142o\u017cone ze specjalist\u00f3w r\u00f3\u017cnych dziedzin i mi\u0142o\u015bnik\u00f3w drzew zarazem, spo\u015br\u00f3d blisko 100 zg\u0142osze\u0144, kt\u00f3re nap\u0142yn\u0119\u0142y do Klubu Gaja z ca\u0142ej Polski. Zwyci\u0119zca plebiscytu b\u0119dzie reprezentowa\u0142 nasz kraj w Europejskim Konkursie Drzewo Roku 2018!<\/p>\n<p>Zapraszamy do odkrywania niezwyk\u0142ych historii tych drzew i g\u0142osowania na stronie <a href=\"http:\/\/klubgaja.enewsletter.pl\/k3\/367\/15y\/28x3\/a1908a7005c61\/gYHMH99B\" target=\"_blank\" data-saferedirecturl=\"https:\/\/zasobygwp.pl\/redirect?sig=90922c72fb9b0eaa7ba3dfd0f738d22606a88ff1092ffb0f4e9471693b202a60&amp;url=aHR0cDovL2tsdWJnYWphLmVuZXdzbGV0dGVyLnBsL2szLzM2Ny8xNXkvMjh4My9hMTkwOGE3MDA1YzYxL2dZSE1IOTlC\">www.drzeworoku.pl<\/a><\/p>\n","protected":false},"excerpt":{"rendered":"<p>ZAPRASZAMY\u00a0 &#8211; konkurs na\u00a0DRZEWO\u00a0 ROKU G\u0142osujcie na nasz d\u0105b -,, KAZIMIERZ WIELKI &#8221; w B\u0105kowie &#8211; jest na 13 pozycji wykazu W tegorocznym konkursie&#8230; &nbsp; <a href=\"https:\/\/www.zspswiecie.pl\/index.php\/2017\/06\/drzewko-roku-2017\/\" class=\"moretag\">Wi\u0119cej&#8230;<\/a><\/p>\n","protected":false},"author":2,"featured_media":3330,"comment_status":"closed","ping_status":"open","sticky":false,"template":"","format":"standard","meta":{"footnotes":""},"categories":[5],"tags":[],"class_list":["post-3329","post","type-post","status-publish","format-standard","has-post-thumbnail","hentry","category-informacje"],"yoast_head":"<!-- This site is optimized with the Yoast SEO plugin v26.8 - https:\/\/yoast.com\/product\/yoast-seo-wordpress\/ -->\n<title>DRZEWO ROKU 2017 - ZSP<\/title>\n<meta name=\"robots\" content=\"index, follow, max-snippet:-1, max-image-preview:large, max-video-preview:-1\" \/>\n<link rel=\"canonical\" href=\"https:\/\/www.zspswiecie.pl\/index.php\/2017\/06\/drzewko-roku-2017\/\" \/>\n<meta property=\"og:locale\" content=\"pl_PL\" \/>\n<meta property=\"og:type\" content=\"article\" \/>\n<meta property=\"og:title\" content=\"DRZEWO ROKU 2017 - ZSP\" \/>\n<meta property=\"og:description\" content=\"ZAPRASZAMY\u00a0 &#8211; konkurs na\u00a0DRZEWO\u00a0 ROKU G\u0142osujcie na nasz d\u0105b -,, KAZIMIERZ WIELKI &#8221; w B\u0105kowie &#8211; jest na 13 pozycji wykazu W tegorocznym konkursie... &nbsp; Wi\u0119cej...\" \/>\n<meta property=\"og:url\" content=\"https:\/\/www.zspswiecie.pl\/index.php\/2017\/06\/drzewko-roku-2017\/\" \/>\n<meta property=\"og:site_name\" content=\"ZSP\" \/>\n<meta property=\"article:publisher\" content=\"https:\/\/www.facebook.com\/people\/Zesp-Szk-Ponadpodstawowych-w-wieciu\/100057638830230\/\" \/>\n<meta property=\"article:published_time\" content=\"2017-06-09T06:20:59+00:00\" \/>\n<meta property=\"article:modified_time\" content=\"2017-06-09T09:35:53+00:00\" \/>\n<meta property=\"og:image\" content=\"https:\/\/www.zspswiecie.pl\/wp-content\/uploads\/2017\/06\/z21554514QDab-Kazimierz-Wielki-e1496992186730.jpg\" \/>\n\t<meta property=\"og:image:width\" content=\"200\" \/>\n\t<meta property=\"og:image:height\" content=\"224\" \/>\n\t<meta property=\"og:image:type\" content=\"image\/jpeg\" \/>\n<meta name=\"author\" content=\"Katarzyna\" \/>\n<meta name=\"twitter:label1\" content=\"Napisane przez\" \/>\n\t<meta name=\"twitter:data1\" content=\"Katarzyna\" \/>\n\t<meta name=\"twitter:label2\" content=\"Szacowany czas czytania\" \/>\n\t<meta name=\"twitter:data2\" content=\"1 minuta\" \/>\n<script type=\"application\/ld+json\" class=\"yoast-schema-graph\">{\"@context\":\"https:\/\/schema.org\",\"@graph\":[{\"@type\":\"Article\",\"@id\":\"https:\/\/www.zspswiecie.pl\/index.php\/2017\/06\/drzewko-roku-2017\/#article\",\"isPartOf\":{\"@id\":\"https:\/\/www.zspswiecie.pl\/index.php\/2017\/06\/drzewko-roku-2017\/\"},\"author\":{\"name\":\"Katarzyna\",\"@id\":\"https:\/\/www.zspswiecie.pl\/#\/schema\/person\/e02da1ef6b75bbd4043bfa50e22d5976\"},\"headline\":\"DRZEWO ROKU 2017\",\"datePublished\":\"2017-06-09T06:20:59+00:00\",\"dateModified\":\"2017-06-09T09:35:53+00:00\",\"mainEntityOfPage\":{\"@id\":\"https:\/\/www.zspswiecie.pl\/index.php\/2017\/06\/drzewko-roku-2017\/\"},\"wordCount\":138,\"publisher\":{\"@id\":\"https:\/\/www.zspswiecie.pl\/#organization\"},\"image\":{\"@id\":\"https:\/\/www.zspswiecie.pl\/index.php\/2017\/06\/drzewko-roku-2017\/#primaryimage\"},\"thumbnailUrl\":\"https:\/\/www.zspswiecie.pl\/wp-content\/uploads\/2017\/06\/z21554514QDab-Kazimierz-Wielki-e1496992186730.jpg\",\"articleSection\":[\"Informacje\"],\"inLanguage\":\"pl-PL\"},{\"@type\":\"WebPage\",\"@id\":\"https:\/\/www.zspswiecie.pl\/index.php\/2017\/06\/drzewko-roku-2017\/\",\"url\":\"https:\/\/www.zspswiecie.pl\/index.php\/2017\/06\/drzewko-roku-2017\/\",\"name\":\"DRZEWO ROKU 2017 - ZSP\",\"isPartOf\":{\"@id\":\"https:\/\/www.zspswiecie.pl\/#website\"},\"primaryImageOfPage\":{\"@id\":\"https:\/\/www.zspswiecie.pl\/index.php\/2017\/06\/drzewko-roku-2017\/#primaryimage\"},\"image\":{\"@id\":\"https:\/\/www.zspswiecie.pl\/index.php\/2017\/06\/drzewko-roku-2017\/#primaryimage\"},\"thumbnailUrl\":\"https:\/\/www.zspswiecie.pl\/wp-content\/uploads\/2017\/06\/z21554514QDab-Kazimierz-Wielki-e1496992186730.jpg\",\"datePublished\":\"2017-06-09T06:20:59+00:00\",\"dateModified\":\"2017-06-09T09:35:53+00:00\",\"breadcrumb\":{\"@id\":\"https:\/\/www.zspswiecie.pl\/index.php\/2017\/06\/drzewko-roku-2017\/#breadcrumb\"},\"inLanguage\":\"pl-PL\",\"potentialAction\":[{\"@type\":\"ReadAction\",\"target\":[\"https:\/\/www.zspswiecie.pl\/index.php\/2017\/06\/drzewko-roku-2017\/\"]}]},{\"@type\":\"ImageObject\",\"inLanguage\":\"pl-PL\",\"@id\":\"https:\/\/www.zspswiecie.pl\/index.php\/2017\/06\/drzewko-roku-2017\/#primaryimage\",\"url\":\"https:\/\/www.zspswiecie.pl\/wp-content\/uploads\/2017\/06\/z21554514QDab-Kazimierz-Wielki-e1496992186730.jpg\",\"contentUrl\":\"https:\/\/www.zspswiecie.pl\/wp-content\/uploads\/2017\/06\/z21554514QDab-Kazimierz-Wielki-e1496992186730.jpg\",\"width\":200,\"height\":224},{\"@type\":\"BreadcrumbList\",\"@id\":\"https:\/\/www.zspswiecie.pl\/index.php\/2017\/06\/drzewko-roku-2017\/#breadcrumb\",\"itemListElement\":[{\"@type\":\"ListItem\",\"position\":1,\"name\":\"Strona g\u0142\u00f3wna\",\"item\":\"https:\/\/www.zspswiecie.pl\/index.php\/home\/strona-glowna\/\"},{\"@type\":\"ListItem\",\"position\":2,\"name\":\"DRZEWO ROKU 2017\"}]},{\"@type\":\"WebSite\",\"@id\":\"https:\/\/www.zspswiecie.pl\/#website\",\"url\":\"https:\/\/www.zspswiecie.pl\/\",\"name\":\"ZSP\",\"description\":\"Zesp\u00f3\u0142 Szk\u00f3\u0142 Ponadpodstawowych\",\"publisher\":{\"@id\":\"https:\/\/www.zspswiecie.pl\/#organization\"},\"potentialAction\":[{\"@type\":\"SearchAction\",\"target\":{\"@type\":\"EntryPoint\",\"urlTemplate\":\"https:\/\/www.zspswiecie.pl\/?s={search_term_string}\"},\"query-input\":{\"@type\":\"PropertyValueSpecification\",\"valueRequired\":true,\"valueName\":\"search_term_string\"}}],\"inLanguage\":\"pl-PL\"},{\"@type\":\"Organization\",\"@id\":\"https:\/\/www.zspswiecie.pl\/#organization\",\"name\":\"Zesp\u00f3\u0142 Szk\u00f3\u0142 Ponadpodstawowych\",\"url\":\"https:\/\/www.zspswiecie.pl\/\",\"logo\":{\"@type\":\"ImageObject\",\"inLanguage\":\"pl-PL\",\"@id\":\"https:\/\/www.zspswiecie.pl\/#\/schema\/logo\/image\/\",\"url\":\"http:\/\/www.zspswiecie.pl\/wp-content\/uploads\/2016\/03\/logo-zsp2.png\",\"contentUrl\":\"http:\/\/www.zspswiecie.pl\/wp-content\/uploads\/2016\/03\/logo-zsp2.png\",\"width\":449,\"height\":351,\"caption\":\"Zesp\u00f3\u0142 Szk\u00f3\u0142 Ponadpodstawowych\"},\"image\":{\"@id\":\"https:\/\/www.zspswiecie.pl\/#\/schema\/logo\/image\/\"},\"sameAs\":[\"https:\/\/www.facebook.com\/people\/Zesp-Szk-Ponadpodstawowych-w-wieciu\/100057638830230\/\"]},{\"@type\":\"Person\",\"@id\":\"https:\/\/www.zspswiecie.pl\/#\/schema\/person\/e02da1ef6b75bbd4043bfa50e22d5976\",\"name\":\"Katarzyna\",\"image\":{\"@type\":\"ImageObject\",\"inLanguage\":\"pl-PL\",\"@id\":\"https:\/\/www.zspswiecie.pl\/#\/schema\/person\/image\/\",\"url\":\"https:\/\/secure.gravatar.com\/avatar\/cecd50f696defba6d8269961136eef4639e8542bd8a188e5817d76f2e78de1c3?s=96&d=mm&r=g\",\"contentUrl\":\"https:\/\/secure.gravatar.com\/avatar\/cecd50f696defba6d8269961136eef4639e8542bd8a188e5817d76f2e78de1c3?s=96&d=mm&r=g\",\"caption\":\"Katarzyna\"},\"url\":\"https:\/\/www.zspswiecie.pl\/index.php\/author\/kasia_k\/\"}]}<\/script>\n<!-- \/ Yoast SEO plugin. -->","yoast_head_json":{"title":"DRZEWO ROKU 2017 - ZSP","robots":{"index":"index","follow":"follow","max-snippet":"max-snippet:-1","max-image-preview":"max-image-preview:large","max-video-preview":"max-video-preview:-1"},"canonical":"https:\/\/www.zspswiecie.pl\/index.php\/2017\/06\/drzewko-roku-2017\/","og_locale":"pl_PL","og_type":"article","og_title":"DRZEWO ROKU 2017 - ZSP","og_description":"ZAPRASZAMY\u00a0 &#8211; konkurs na\u00a0DRZEWO\u00a0 ROKU G\u0142osujcie na nasz d\u0105b -,, KAZIMIERZ WIELKI &#8221; w B\u0105kowie &#8211; jest na 13 pozycji wykazu W tegorocznym konkursie... &nbsp; Wi\u0119cej...","og_url":"https:\/\/www.zspswiecie.pl\/index.php\/2017\/06\/drzewko-roku-2017\/","og_site_name":"ZSP","article_publisher":"https:\/\/www.facebook.com\/people\/Zesp-Szk-Ponadpodstawowych-w-wieciu\/100057638830230\/","article_published_time":"2017-06-09T06:20:59+00:00","article_modified_time":"2017-06-09T09:35:53+00:00","og_image":[{"width":200,"height":224,"url":"https:\/\/www.zspswiecie.pl\/wp-content\/uploads\/2017\/06\/z21554514QDab-Kazimierz-Wielki-e1496992186730.jpg","type":"image\/jpeg"}],"author":"Katarzyna","twitter_misc":{"Napisane przez":"Katarzyna","Szacowany czas czytania":"1 minuta"},"schema":{"@context":"https:\/\/schema.org","@graph":[{"@type":"Article","@id":"https:\/\/www.zspswiecie.pl\/index.php\/2017\/06\/drzewko-roku-2017\/#article","isPartOf":{"@id":"https:\/\/www.zspswiecie.pl\/index.php\/2017\/06\/drzewko-roku-2017\/"},"author":{"name":"Katarzyna","@id":"https:\/\/www.zspswiecie.pl\/#\/schema\/person\/e02da1ef6b75bbd4043bfa50e22d5976"},"headline":"DRZEWO ROKU 2017","datePublished":"2017-06-09T06:20:59+00:00","dateModified":"2017-06-09T09:35:53+00:00","mainEntityOfPage":{"@id":"https:\/\/www.zspswiecie.pl\/index.php\/2017\/06\/drzewko-roku-2017\/"},"wordCount":138,"publisher":{"@id":"https:\/\/www.zspswiecie.pl\/#organization"},"image":{"@id":"https:\/\/www.zspswiecie.pl\/index.php\/2017\/06\/drzewko-roku-2017\/#primaryimage"},"thumbnailUrl":"https:\/\/www.zspswiecie.pl\/wp-content\/uploads\/2017\/06\/z21554514QDab-Kazimierz-Wielki-e1496992186730.jpg","articleSection":["Informacje"],"inLanguage":"pl-PL"},{"@type":"WebPage","@id":"https:\/\/www.zspswiecie.pl\/index.php\/2017\/06\/drzewko-roku-2017\/","url":"https:\/\/www.zspswiecie.pl\/index.php\/2017\/06\/drzewko-roku-2017\/","name":"DRZEWO ROKU 2017 - ZSP","isPartOf":{"@id":"https:\/\/www.zspswiecie.pl\/#website"},"primaryImageOfPage":{"@id":"https:\/\/www.zspswiecie.pl\/index.php\/2017\/06\/drzewko-roku-2017\/#primaryimage"},"image":{"@id":"https:\/\/www.zspswiecie.pl\/index.php\/2017\/06\/drzewko-roku-2017\/#primaryimage"},"thumbnailUrl":"https:\/\/www.zspswiecie.pl\/wp-content\/uploads\/2017\/06\/z21554514QDab-Kazimierz-Wielki-e1496992186730.jpg","datePublished":"2017-06-09T06:20:59+00:00","dateModified":"2017-06-09T09:35:53+00:00","breadcrumb":{"@id":"https:\/\/www.zspswiecie.pl\/index.php\/2017\/06\/drzewko-roku-2017\/#breadcrumb"},"inLanguage":"pl-PL","potentialAction":[{"@type":"ReadAction","target":["https:\/\/www.zspswiecie.pl\/index.php\/2017\/06\/drzewko-roku-2017\/"]}]},{"@type":"ImageObject","inLanguage":"pl-PL","@id":"https:\/\/www.zspswiecie.pl\/index.php\/2017\/06\/drzewko-roku-2017\/#primaryimage","url":"https:\/\/www.zspswiecie.pl\/wp-content\/uploads\/2017\/06\/z21554514QDab-Kazimierz-Wielki-e1496992186730.jpg","contentUrl":"https:\/\/www.zspswiecie.pl\/wp-content\/uploads\/2017\/06\/z21554514QDab-Kazimierz-Wielki-e1496992186730.jpg","width":200,"height":224},{"@type":"BreadcrumbList","@id":"https:\/\/www.zspswiecie.pl\/index.php\/2017\/06\/drzewko-roku-2017\/#breadcrumb","itemListElement":[{"@type":"ListItem","position":1,"name":"Strona g\u0142\u00f3wna","item":"https:\/\/www.zspswiecie.pl\/index.php\/home\/strona-glowna\/"},{"@type":"ListItem","position":2,"name":"DRZEWO ROKU 2017"}]},{"@type":"WebSite","@id":"https:\/\/www.zspswiecie.pl\/#website","url":"https:\/\/www.zspswiecie.pl\/","name":"ZSP","description":"Zesp\u00f3\u0142 Szk\u00f3\u0142 Ponadpodstawowych","publisher":{"@id":"https:\/\/www.zspswiecie.pl\/#organization"},"potentialAction":[{"@type":"SearchAction","target":{"@type":"EntryPoint","urlTemplate":"https:\/\/www.zspswiecie.pl\/?s={search_term_string}"},"query-input":{"@type":"PropertyValueSpecification","valueRequired":true,"valueName":"search_term_string"}}],"inLanguage":"pl-PL"},{"@type":"Organization","@id":"https:\/\/www.zspswiecie.pl\/#organization","name":"Zesp\u00f3\u0142 Szk\u00f3\u0142 Ponadpodstawowych","url":"https:\/\/www.zspswiecie.pl\/","logo":{"@type":"ImageObject","inLanguage":"pl-PL","@id":"https:\/\/www.zspswiecie.pl\/#\/schema\/logo\/image\/","url":"http:\/\/www.zspswiecie.pl\/wp-content\/uploads\/2016\/03\/logo-zsp2.png","contentUrl":"http:\/\/www.zspswiecie.pl\/wp-content\/uploads\/2016\/03\/logo-zsp2.png","width":449,"height":351,"caption":"Zesp\u00f3\u0142 Szk\u00f3\u0142 Ponadpodstawowych"},"image":{"@id":"https:\/\/www.zspswiecie.pl\/#\/schema\/logo\/image\/"},"sameAs":["https:\/\/www.facebook.com\/people\/Zesp-Szk-Ponadpodstawowych-w-wieciu\/100057638830230\/"]},{"@type":"Person","@id":"https:\/\/www.zspswiecie.pl\/#\/schema\/person\/e02da1ef6b75bbd4043bfa50e22d5976","name":"Katarzyna","image":{"@type":"ImageObject","inLanguage":"pl-PL","@id":"https:\/\/www.zspswiecie.pl\/#\/schema\/person\/image\/","url":"https:\/\/secure.gravatar.com\/avatar\/cecd50f696defba6d8269961136eef4639e8542bd8a188e5817d76f2e78de1c3?s=96&d=mm&r=g","contentUrl":"https:\/\/secure.gravatar.com\/avatar\/cecd50f696defba6d8269961136eef4639e8542bd8a188e5817d76f2e78de1c3?s=96&d=mm&r=g","caption":"Katarzyna"},"url":"https:\/\/www.zspswiecie.pl\/index.php\/author\/kasia_k\/"}]}},"_links":{"self":[{"href":"https:\/\/www.zspswiecie.pl\/index.php\/wp-json\/wp\/v2\/posts\/3329","targetHints":{"allow":["GET"]}}],"collection":[{"href":"https:\/\/www.zspswiecie.pl\/index.php\/wp-json\/wp\/v2\/posts"}],"about":[{"href":"https:\/\/www.zspswiecie.pl\/index.php\/wp-json\/wp\/v2\/types\/post"}],"author":[{"embeddable":true,"href":"https:\/\/www.zspswiecie.pl\/index.php\/wp-json\/wp\/v2\/users\/2"}],"replies":[{"embeddable":true,"href":"https:\/\/www.zspswiecie.pl\/index.php\/wp-json\/wp\/v2\/comments?post=3329"}],"version-history":[{"count":5,"href":"https:\/\/www.zspswiecie.pl\/index.php\/wp-json\/wp\/v2\/posts\/3329\/revisions"}],"predecessor-version":[{"id":3340,"href":"https:\/\/www.zspswiecie.pl\/index.php\/wp-json\/wp\/v2\/posts\/3329\/revisions\/3340"}],"wp:featuredmedia":[{"embeddable":true,"href":"https:\/\/www.zspswiecie.pl\/index.php\/wp-json\/wp\/v2\/media\/3330"}],"wp:attachment":[{"href":"https:\/\/www.zspswiecie.pl\/index.php\/wp-json\/wp\/v2\/media?parent=3329"}],"wp:term":[{"taxonomy":"category","embeddable":true,"href":"https:\/\/www.zspswiecie.pl\/index.php\/wp-json\/wp\/v2\/categories?post=3329"},{"taxonomy":"post_tag","embeddable":true,"href":"https:\/\/www.zspswiecie.pl\/index.php\/wp-json\/wp\/v2\/tags?post=3329"}],"curies":[{"name":"wp","href":"https:\/\/api.w.org\/{rel}","templated":true}]}}