{"id":3254,"date":"2017-06-01T14:42:58","date_gmt":"2017-06-01T12:42:58","guid":{"rendered":"http:\/\/www.zspswiecie.pl\/?p=3254"},"modified":"2017-06-02T08:21:28","modified_gmt":"2017-06-02T06:21:28","slug":"wyscig-kolarski","status":"publish","type":"post","link":"https:\/\/www.zspswiecie.pl\/index.php\/2017\/06\/wyscig-kolarski\/","title":{"rendered":"WY\u015aCIG KOLARSKI"},"content":{"rendered":"<p><span class=\"fwn fcg\"><span class=\"fcg\"> IV Wy\u015bcig Kolarski o Puchar Dyrektora Szko\u0142y ZSP<\/span><\/span> odby\u0142 si\u0119 31 maja 2017 roku na stadionie klubu WDA \u015awiecie. Uczestnicy rywalizowali w kategoriach: szko\u0142y gimnazjalne i ponadgimnazjalne. Ponadto z uwagi na fakt, i\u017c coraz wi\u0119ksza liczba uczestnik\u00f3w startuje na rowerach szosowych, potocznie zwanych kolarz\u00f3wkami, w grupie gimnazjalist\u00f3w zosta\u0142 wprowadzony podzia\u0142 na rowery MTB i szosowe.<\/p>\n<p>Rywalizacja rozpocz\u0119\u0142a si\u0119\u00a0 od wy\u015bcigu eliminacyjnego na czas dla gimnazjum. Gimnazjali\u015bci startowali dw\u00f3jkami na dystansie 900m (2&#215;400+100m) walcz\u0105c o jak najlepszy czas, kt\u00f3ry by\u0142 podstaw\u0105 do kwalifikacji do wy\u015bcigu australijskiego. Na starcie wy\u015bcigu stan\u0119\u0142o 20 zawodnik\u00f3w, w tym 13 na rowerach MTB i 7 na rowerach szosowych.<\/p>\n<p>Po wy\u015bcigu na czas odby\u0142 si\u0119 ma\u0142y fina\u0142 dla gimnazjalist\u00f3w na rowerach MTB, w kt\u00f3rym zawodnicy rywalizowali o miejsca 7-13. Tu\u017c po nim odby\u0142 si\u0119 du\u017cy fina\u0142, w kt\u00f3rym zawodnicy walczyli o miejsca 1-6. Rywalizacja toczy\u0142a si\u0119 w oparciu o zasady wy\u015bcigu australijskiego, gdzie co okr\u0105\u017cenie ostatni zawodnik odpada, a najlepsza tr\u00f3jka rywalizuje mi\u0119dzy sob\u0105. Zwyci\u0119ska tr\u00f3jka przedstawia\u0142a si\u0119 tu nast\u0119puj\u0105co:<\/p>\n<ul>\n<li>Antoszewski Jacek \u2013 Gimnazjum w Je\u017cewie<\/li>\n<li>Kaczmarek Mateusz \u2013 Gimnazjum nr 1 w \u015awieciu<\/li>\n<li>Weso\u0142owski Piotr \u2013 Gimnazjum w Je\u017cewie<\/li>\n<\/ul>\n<p>Kolejny by\u0142 fina\u0142 dla gimnazjalist\u00f3w na rowerach szosowych. Tutaj zwyci\u0119ska tr\u00f3jka przedstawia\u0142a si\u0119 nast\u0119puj\u0105co:<\/p>\n<ul>\n<li>Chudzi\u0144ski Philip \u2013 Gimnazjum nr 4 w Grucznie<\/li>\n<li>Kwiatkowski Damian &#8211; Gimnazjum nr 4 w Grucznie<\/li>\n<li>Taczy\u0144ski Kamil &#8211; Gimnazjum nr 1 w \u015awieciu<\/li>\n<\/ul>\n<p>W nast\u0119pnym wy\u015bcigu rywalizowa\u0142y dziewcz\u0119ta z ZSP. Wszystkie 3 uczestniczki pochodzi\u0142y z tej samej klasy \u2013 niezwykle utalentowanej kolarsko II TL. Ich rywalizacja ostatecznie zako\u0144czy\u0142a si\u0119 wynikiem:<\/p>\n<ul>\n<li>Dolna Agnieszka<\/li>\n<li>Smeja Agnieszka<\/li>\n<li>Martko Honorata<\/li>\n<\/ul>\n<p>Ostatnim wy\u015bcigiem, jednocze\u015bnie najbardziej emocjonuj\u0105cym, by\u0142 wy\u015bcig dla ch\u0142opc\u00f3w z ZSP. Na starcie stan\u0119\u0142o 10 zawodnik\u00f3w, kt\u00f3rzy mieli do pokonania 8 okr\u0105\u017ce\u0144. Najlepszymi okazali si\u0119 tutaj:<\/p>\n<ul>\n<li>Or\u0142owski Kamil \u2013 II TL<\/li>\n<li>Maj Jakub \u2013 I TM<\/li>\n<li>Reinholz Tomasz \u2013 I TM<\/li>\n<\/ul>\n<p class=\"_5pbw _5vra _11dd\" data-ft=\"{&quot;tn&quot;:&quot;C&quot;}\"><a href=\"https:\/\/www.zspswiecie.pl\/wp-content\/uploads\/2017\/05\/SPORT.jpg\"><img loading=\"lazy\" decoding=\"async\" class=\"alignnone  wp-image-3253\" src=\"https:\/\/www.zspswiecie.pl\/wp-content\/uploads\/2017\/05\/SPORT.jpg\" alt=\"SPORT\" width=\"273\" height=\"386\" srcset=\"https:\/\/www.zspswiecie.pl\/wp-content\/uploads\/2017\/05\/SPORT.jpg 424w, https:\/\/www.zspswiecie.pl\/wp-content\/uploads\/2017\/05\/SPORT-212x300.jpg 212w\" sizes=\"auto, (max-width: 273px) 100vw, 273px\" \/><\/a><\/p>\n","protected":false},"excerpt":{"rendered":"<p>IV Wy\u015bcig Kolarski o Puchar Dyrektora Szko\u0142y ZSP odby\u0142 si\u0119 31 maja 2017 roku na stadionie klubu WDA \u015awiecie. Uczestnicy rywalizowali w kategoriach: szko\u0142y&#8230; &nbsp; <a href=\"https:\/\/www.zspswiecie.pl\/index.php\/2017\/06\/wyscig-kolarski\/\" class=\"moretag\">Wi\u0119cej&#8230;<\/a><\/p>\n","protected":false},"author":2,"featured_media":3255,"comment_status":"closed","ping_status":"open","sticky":false,"template":"","format":"standard","meta":{"footnotes":""},"categories":[5],"tags":[],"class_list":["post-3254","post","type-post","status-publish","format-standard","has-post-thumbnail","hentry","category-informacje"],"yoast_head":"<!-- This site is optimized with the Yoast SEO plugin v26.8 - https:\/\/yoast.com\/product\/yoast-seo-wordpress\/ -->\n<title>WY\u015aCIG KOLARSKI - ZSP<\/title>\n<meta name=\"robots\" content=\"index, follow, max-snippet:-1, max-image-preview:large, max-video-preview:-1\" \/>\n<link rel=\"canonical\" href=\"https:\/\/www.zspswiecie.pl\/index.php\/2017\/06\/wyscig-kolarski\/\" \/>\n<meta property=\"og:locale\" content=\"pl_PL\" \/>\n<meta property=\"og:type\" content=\"article\" \/>\n<meta property=\"og:title\" content=\"WY\u015aCIG KOLARSKI - ZSP\" \/>\n<meta property=\"og:description\" content=\"IV Wy\u015bcig Kolarski o Puchar Dyrektora Szko\u0142y ZSP odby\u0142 si\u0119 31 maja 2017 roku na stadionie klubu WDA \u015awiecie. Uczestnicy rywalizowali w kategoriach: szko\u0142y... &nbsp; Wi\u0119cej...\" \/>\n<meta property=\"og:url\" content=\"https:\/\/www.zspswiecie.pl\/index.php\/2017\/06\/wyscig-kolarski\/\" \/>\n<meta property=\"og:site_name\" content=\"ZSP\" \/>\n<meta property=\"article:publisher\" content=\"https:\/\/www.facebook.com\/people\/Zesp-Szk-Ponadpodstawowych-w-wieciu\/100057638830230\/\" \/>\n<meta property=\"article:published_time\" content=\"2017-06-01T12:42:58+00:00\" \/>\n<meta property=\"article:modified_time\" content=\"2017-06-02T06:21:28+00:00\" \/>\n<meta property=\"og:image\" content=\"https:\/\/www.zspswiecie.pl\/wp-content\/uploads\/2017\/06\/18813629_697207663797803_2355992621302710982_n.jpg\" \/>\n\t<meta property=\"og:image:width\" content=\"800\" \/>\n\t<meta property=\"og:image:height\" content=\"600\" \/>\n\t<meta property=\"og:image:type\" content=\"image\/jpeg\" \/>\n<meta name=\"author\" content=\"Katarzyna\" \/>\n<meta name=\"twitter:label1\" content=\"Napisane przez\" \/>\n\t<meta name=\"twitter:data1\" content=\"Katarzyna\" \/>\n\t<meta name=\"twitter:label2\" content=\"Szacowany czas czytania\" \/>\n\t<meta name=\"twitter:data2\" content=\"2 minuty\" \/>\n<script type=\"application\/ld+json\" class=\"yoast-schema-graph\">{\"@context\":\"https:\/\/schema.org\",\"@graph\":[{\"@type\":\"Article\",\"@id\":\"https:\/\/www.zspswiecie.pl\/index.php\/2017\/06\/wyscig-kolarski\/#article\",\"isPartOf\":{\"@id\":\"https:\/\/www.zspswiecie.pl\/index.php\/2017\/06\/wyscig-kolarski\/\"},\"author\":{\"name\":\"Katarzyna\",\"@id\":\"https:\/\/www.zspswiecie.pl\/#\/schema\/person\/e02da1ef6b75bbd4043bfa50e22d5976\"},\"headline\":\"WY\u015aCIG KOLARSKI\",\"datePublished\":\"2017-06-01T12:42:58+00:00\",\"dateModified\":\"2017-06-02T06:21:28+00:00\",\"mainEntityOfPage\":{\"@id\":\"https:\/\/www.zspswiecie.pl\/index.php\/2017\/06\/wyscig-kolarski\/\"},\"wordCount\":341,\"publisher\":{\"@id\":\"https:\/\/www.zspswiecie.pl\/#organization\"},\"image\":{\"@id\":\"https:\/\/www.zspswiecie.pl\/index.php\/2017\/06\/wyscig-kolarski\/#primaryimage\"},\"thumbnailUrl\":\"https:\/\/www.zspswiecie.pl\/wp-content\/uploads\/2017\/06\/18813629_697207663797803_2355992621302710982_n.jpg\",\"articleSection\":[\"Informacje\"],\"inLanguage\":\"pl-PL\"},{\"@type\":\"WebPage\",\"@id\":\"https:\/\/www.zspswiecie.pl\/index.php\/2017\/06\/wyscig-kolarski\/\",\"url\":\"https:\/\/www.zspswiecie.pl\/index.php\/2017\/06\/wyscig-kolarski\/\",\"name\":\"WY\u015aCIG KOLARSKI - ZSP\",\"isPartOf\":{\"@id\":\"https:\/\/www.zspswiecie.pl\/#website\"},\"primaryImageOfPage\":{\"@id\":\"https:\/\/www.zspswiecie.pl\/index.php\/2017\/06\/wyscig-kolarski\/#primaryimage\"},\"image\":{\"@id\":\"https:\/\/www.zspswiecie.pl\/index.php\/2017\/06\/wyscig-kolarski\/#primaryimage\"},\"thumbnailUrl\":\"https:\/\/www.zspswiecie.pl\/wp-content\/uploads\/2017\/06\/18813629_697207663797803_2355992621302710982_n.jpg\",\"datePublished\":\"2017-06-01T12:42:58+00:00\",\"dateModified\":\"2017-06-02T06:21:28+00:00\",\"breadcrumb\":{\"@id\":\"https:\/\/www.zspswiecie.pl\/index.php\/2017\/06\/wyscig-kolarski\/#breadcrumb\"},\"inLanguage\":\"pl-PL\",\"potentialAction\":[{\"@type\":\"ReadAction\",\"target\":[\"https:\/\/www.zspswiecie.pl\/index.php\/2017\/06\/wyscig-kolarski\/\"]}]},{\"@type\":\"ImageObject\",\"inLanguage\":\"pl-PL\",\"@id\":\"https:\/\/www.zspswiecie.pl\/index.php\/2017\/06\/wyscig-kolarski\/#primaryimage\",\"url\":\"https:\/\/www.zspswiecie.pl\/wp-content\/uploads\/2017\/06\/18813629_697207663797803_2355992621302710982_n.jpg\",\"contentUrl\":\"https:\/\/www.zspswiecie.pl\/wp-content\/uploads\/2017\/06\/18813629_697207663797803_2355992621302710982_n.jpg\",\"width\":800,\"height\":600},{\"@type\":\"BreadcrumbList\",\"@id\":\"https:\/\/www.zspswiecie.pl\/index.php\/2017\/06\/wyscig-kolarski\/#breadcrumb\",\"itemListElement\":[{\"@type\":\"ListItem\",\"position\":1,\"name\":\"Strona g\u0142\u00f3wna\",\"item\":\"https:\/\/www.zspswiecie.pl\/index.php\/home\/strona-glowna\/\"},{\"@type\":\"ListItem\",\"position\":2,\"name\":\"WY\u015aCIG KOLARSKI\"}]},{\"@type\":\"WebSite\",\"@id\":\"https:\/\/www.zspswiecie.pl\/#website\",\"url\":\"https:\/\/www.zspswiecie.pl\/\",\"name\":\"ZSP\",\"description\":\"Zesp\u00f3\u0142 Szk\u00f3\u0142 Ponadpodstawowych\",\"publisher\":{\"@id\":\"https:\/\/www.zspswiecie.pl\/#organization\"},\"potentialAction\":[{\"@type\":\"SearchAction\",\"target\":{\"@type\":\"EntryPoint\",\"urlTemplate\":\"https:\/\/www.zspswiecie.pl\/?s={search_term_string}\"},\"query-input\":{\"@type\":\"PropertyValueSpecification\",\"valueRequired\":true,\"valueName\":\"search_term_string\"}}],\"inLanguage\":\"pl-PL\"},{\"@type\":\"Organization\",\"@id\":\"https:\/\/www.zspswiecie.pl\/#organization\",\"name\":\"Zesp\u00f3\u0142 Szk\u00f3\u0142 Ponadpodstawowych\",\"url\":\"https:\/\/www.zspswiecie.pl\/\",\"logo\":{\"@type\":\"ImageObject\",\"inLanguage\":\"pl-PL\",\"@id\":\"https:\/\/www.zspswiecie.pl\/#\/schema\/logo\/image\/\",\"url\":\"http:\/\/www.zspswiecie.pl\/wp-content\/uploads\/2016\/03\/logo-zsp2.png\",\"contentUrl\":\"http:\/\/www.zspswiecie.pl\/wp-content\/uploads\/2016\/03\/logo-zsp2.png\",\"width\":449,\"height\":351,\"caption\":\"Zesp\u00f3\u0142 Szk\u00f3\u0142 Ponadpodstawowych\"},\"image\":{\"@id\":\"https:\/\/www.zspswiecie.pl\/#\/schema\/logo\/image\/\"},\"sameAs\":[\"https:\/\/www.facebook.com\/people\/Zesp-Szk-Ponadpodstawowych-w-wieciu\/100057638830230\/\"]},{\"@type\":\"Person\",\"@id\":\"https:\/\/www.zspswiecie.pl\/#\/schema\/person\/e02da1ef6b75bbd4043bfa50e22d5976\",\"name\":\"Katarzyna\",\"image\":{\"@type\":\"ImageObject\",\"inLanguage\":\"pl-PL\",\"@id\":\"https:\/\/www.zspswiecie.pl\/#\/schema\/person\/image\/\",\"url\":\"https:\/\/secure.gravatar.com\/avatar\/cecd50f696defba6d8269961136eef4639e8542bd8a188e5817d76f2e78de1c3?s=96&d=mm&r=g\",\"contentUrl\":\"https:\/\/secure.gravatar.com\/avatar\/cecd50f696defba6d8269961136eef4639e8542bd8a188e5817d76f2e78de1c3?s=96&d=mm&r=g\",\"caption\":\"Katarzyna\"},\"url\":\"https:\/\/www.zspswiecie.pl\/index.php\/author\/kasia_k\/\"}]}<\/script>\n<!-- \/ Yoast SEO plugin. -->","yoast_head_json":{"title":"WY\u015aCIG KOLARSKI - ZSP","robots":{"index":"index","follow":"follow","max-snippet":"max-snippet:-1","max-image-preview":"max-image-preview:large","max-video-preview":"max-video-preview:-1"},"canonical":"https:\/\/www.zspswiecie.pl\/index.php\/2017\/06\/wyscig-kolarski\/","og_locale":"pl_PL","og_type":"article","og_title":"WY\u015aCIG KOLARSKI - ZSP","og_description":"IV Wy\u015bcig Kolarski o Puchar Dyrektora Szko\u0142y ZSP odby\u0142 si\u0119 31 maja 2017 roku na stadionie klubu WDA \u015awiecie. Uczestnicy rywalizowali w kategoriach: szko\u0142y... &nbsp; Wi\u0119cej...","og_url":"https:\/\/www.zspswiecie.pl\/index.php\/2017\/06\/wyscig-kolarski\/","og_site_name":"ZSP","article_publisher":"https:\/\/www.facebook.com\/people\/Zesp-Szk-Ponadpodstawowych-w-wieciu\/100057638830230\/","article_published_time":"2017-06-01T12:42:58+00:00","article_modified_time":"2017-06-02T06:21:28+00:00","og_image":[{"width":800,"height":600,"url":"https:\/\/www.zspswiecie.pl\/wp-content\/uploads\/2017\/06\/18813629_697207663797803_2355992621302710982_n.jpg","type":"image\/jpeg"}],"author":"Katarzyna","twitter_misc":{"Napisane przez":"Katarzyna","Szacowany czas czytania":"2 minuty"},"schema":{"@context":"https:\/\/schema.org","@graph":[{"@type":"Article","@id":"https:\/\/www.zspswiecie.pl\/index.php\/2017\/06\/wyscig-kolarski\/#article","isPartOf":{"@id":"https:\/\/www.zspswiecie.pl\/index.php\/2017\/06\/wyscig-kolarski\/"},"author":{"name":"Katarzyna","@id":"https:\/\/www.zspswiecie.pl\/#\/schema\/person\/e02da1ef6b75bbd4043bfa50e22d5976"},"headline":"WY\u015aCIG KOLARSKI","datePublished":"2017-06-01T12:42:58+00:00","dateModified":"2017-06-02T06:21:28+00:00","mainEntityOfPage":{"@id":"https:\/\/www.zspswiecie.pl\/index.php\/2017\/06\/wyscig-kolarski\/"},"wordCount":341,"publisher":{"@id":"https:\/\/www.zspswiecie.pl\/#organization"},"image":{"@id":"https:\/\/www.zspswiecie.pl\/index.php\/2017\/06\/wyscig-kolarski\/#primaryimage"},"thumbnailUrl":"https:\/\/www.zspswiecie.pl\/wp-content\/uploads\/2017\/06\/18813629_697207663797803_2355992621302710982_n.jpg","articleSection":["Informacje"],"inLanguage":"pl-PL"},{"@type":"WebPage","@id":"https:\/\/www.zspswiecie.pl\/index.php\/2017\/06\/wyscig-kolarski\/","url":"https:\/\/www.zspswiecie.pl\/index.php\/2017\/06\/wyscig-kolarski\/","name":"WY\u015aCIG KOLARSKI - ZSP","isPartOf":{"@id":"https:\/\/www.zspswiecie.pl\/#website"},"primaryImageOfPage":{"@id":"https:\/\/www.zspswiecie.pl\/index.php\/2017\/06\/wyscig-kolarski\/#primaryimage"},"image":{"@id":"https:\/\/www.zspswiecie.pl\/index.php\/2017\/06\/wyscig-kolarski\/#primaryimage"},"thumbnailUrl":"https:\/\/www.zspswiecie.pl\/wp-content\/uploads\/2017\/06\/18813629_697207663797803_2355992621302710982_n.jpg","datePublished":"2017-06-01T12:42:58+00:00","dateModified":"2017-06-02T06:21:28+00:00","breadcrumb":{"@id":"https:\/\/www.zspswiecie.pl\/index.php\/2017\/06\/wyscig-kolarski\/#breadcrumb"},"inLanguage":"pl-PL","potentialAction":[{"@type":"ReadAction","target":["https:\/\/www.zspswiecie.pl\/index.php\/2017\/06\/wyscig-kolarski\/"]}]},{"@type":"ImageObject","inLanguage":"pl-PL","@id":"https:\/\/www.zspswiecie.pl\/index.php\/2017\/06\/wyscig-kolarski\/#primaryimage","url":"https:\/\/www.zspswiecie.pl\/wp-content\/uploads\/2017\/06\/18813629_697207663797803_2355992621302710982_n.jpg","contentUrl":"https:\/\/www.zspswiecie.pl\/wp-content\/uploads\/2017\/06\/18813629_697207663797803_2355992621302710982_n.jpg","width":800,"height":600},{"@type":"BreadcrumbList","@id":"https:\/\/www.zspswiecie.pl\/index.php\/2017\/06\/wyscig-kolarski\/#breadcrumb","itemListElement":[{"@type":"ListItem","position":1,"name":"Strona g\u0142\u00f3wna","item":"https:\/\/www.zspswiecie.pl\/index.php\/home\/strona-glowna\/"},{"@type":"ListItem","position":2,"name":"WY\u015aCIG KOLARSKI"}]},{"@type":"WebSite","@id":"https:\/\/www.zspswiecie.pl\/#website","url":"https:\/\/www.zspswiecie.pl\/","name":"ZSP","description":"Zesp\u00f3\u0142 Szk\u00f3\u0142 Ponadpodstawowych","publisher":{"@id":"https:\/\/www.zspswiecie.pl\/#organization"},"potentialAction":[{"@type":"SearchAction","target":{"@type":"EntryPoint","urlTemplate":"https:\/\/www.zspswiecie.pl\/?s={search_term_string}"},"query-input":{"@type":"PropertyValueSpecification","valueRequired":true,"valueName":"search_term_string"}}],"inLanguage":"pl-PL"},{"@type":"Organization","@id":"https:\/\/www.zspswiecie.pl\/#organization","name":"Zesp\u00f3\u0142 Szk\u00f3\u0142 Ponadpodstawowych","url":"https:\/\/www.zspswiecie.pl\/","logo":{"@type":"ImageObject","inLanguage":"pl-PL","@id":"https:\/\/www.zspswiecie.pl\/#\/schema\/logo\/image\/","url":"http:\/\/www.zspswiecie.pl\/wp-content\/uploads\/2016\/03\/logo-zsp2.png","contentUrl":"http:\/\/www.zspswiecie.pl\/wp-content\/uploads\/2016\/03\/logo-zsp2.png","width":449,"height":351,"caption":"Zesp\u00f3\u0142 Szk\u00f3\u0142 Ponadpodstawowych"},"image":{"@id":"https:\/\/www.zspswiecie.pl\/#\/schema\/logo\/image\/"},"sameAs":["https:\/\/www.facebook.com\/people\/Zesp-Szk-Ponadpodstawowych-w-wieciu\/100057638830230\/"]},{"@type":"Person","@id":"https:\/\/www.zspswiecie.pl\/#\/schema\/person\/e02da1ef6b75bbd4043bfa50e22d5976","name":"Katarzyna","image":{"@type":"ImageObject","inLanguage":"pl-PL","@id":"https:\/\/www.zspswiecie.pl\/#\/schema\/person\/image\/","url":"https:\/\/secure.gravatar.com\/avatar\/cecd50f696defba6d8269961136eef4639e8542bd8a188e5817d76f2e78de1c3?s=96&d=mm&r=g","contentUrl":"https:\/\/secure.gravatar.com\/avatar\/cecd50f696defba6d8269961136eef4639e8542bd8a188e5817d76f2e78de1c3?s=96&d=mm&r=g","caption":"Katarzyna"},"url":"https:\/\/www.zspswiecie.pl\/index.php\/author\/kasia_k\/"}]}},"_links":{"self":[{"href":"https:\/\/www.zspswiecie.pl\/index.php\/wp-json\/wp\/v2\/posts\/3254","targetHints":{"allow":["GET"]}}],"collection":[{"href":"https:\/\/www.zspswiecie.pl\/index.php\/wp-json\/wp\/v2\/posts"}],"about":[{"href":"https:\/\/www.zspswiecie.pl\/index.php\/wp-json\/wp\/v2\/types\/post"}],"author":[{"embeddable":true,"href":"https:\/\/www.zspswiecie.pl\/index.php\/wp-json\/wp\/v2\/users\/2"}],"replies":[{"embeddable":true,"href":"https:\/\/www.zspswiecie.pl\/index.php\/wp-json\/wp\/v2\/comments?post=3254"}],"version-history":[{"count":4,"href":"https:\/\/www.zspswiecie.pl\/index.php\/wp-json\/wp\/v2\/posts\/3254\/revisions"}],"predecessor-version":[{"id":3266,"href":"https:\/\/www.zspswiecie.pl\/index.php\/wp-json\/wp\/v2\/posts\/3254\/revisions\/3266"}],"wp:featuredmedia":[{"embeddable":true,"href":"https:\/\/www.zspswiecie.pl\/index.php\/wp-json\/wp\/v2\/media\/3255"}],"wp:attachment":[{"href":"https:\/\/www.zspswiecie.pl\/index.php\/wp-json\/wp\/v2\/media?parent=3254"}],"wp:term":[{"taxonomy":"category","embeddable":true,"href":"https:\/\/www.zspswiecie.pl\/index.php\/wp-json\/wp\/v2\/categories?post=3254"},{"taxonomy":"post_tag","embeddable":true,"href":"https:\/\/www.zspswiecie.pl\/index.php\/wp-json\/wp\/v2\/tags?post=3254"}],"curies":[{"name":"wp","href":"https:\/\/api.w.org\/{rel}","templated":true}]}}