{"id":2276,"date":"2016-12-13T12:43:22","date_gmt":"2016-12-13T11:43:22","guid":{"rendered":"http:\/\/www.zspswiecie.pl\/?p=2276"},"modified":"2016-12-15T12:40:29","modified_gmt":"2016-12-15T11:40:29","slug":"najpiekniejszy-stol-swiateczny","status":"publish","type":"post","link":"https:\/\/www.zspswiecie.pl\/index.php\/2016\/12\/najpiekniejszy-stol-swiateczny\/","title":{"rendered":"NAJPI\u0118KNIEJSZY ST\u00d3\u0141 \u015aWI\u0104TECZNY"},"content":{"rendered":"<p>Uczniowie gimnazj\u00f3w powiatu \u015bwieckiego i uczni\u00f3w ZSP uczestniczyli w konkursie \u201eNajpi\u0119kniejszy st\u00f3\u0142 \u015bwi\u0105teczny\u201d.<\/p>\n<p>1m. Gimnazjum w Gr\u00f3dku<\/p>\n<p>2.m Gimnazjum nr 1 w \u015awieciu ex aequo<\/p>\n<p>Gimnazjum nr 3 im. Ziemi Nadwi\u015bla\u0144skiej w Zbrachlinie<\/p>\n<p>W klasyfikacji szkolnej zwyci\u0119\u017cy\u0142a dru\u017cyna klasy I TEHO: Weronika Piontek,Oliwia Wn\u0119k, Patrycja Szyma\u0144ska.<\/p>\n<p><a href=\"https:\/\/www.zspswiecie.pl\/wp-content\/uploads\/2016\/12\/DSCF5461.bmp\"><img loading=\"lazy\" decoding=\"async\" class=\"alignnone size-full wp-image-2278\" src=\"https:\/\/www.zspswiecie.pl\/wp-content\/uploads\/2016\/12\/DSCF5461.bmp\" alt=\"dscf5461\" width=\"800\" height=\"600\" \/><\/a><\/p>\n<p>Odby\u0142 si\u0119 r\u00f3wnie\u017c konkurs dla gimnazjalist\u00f3w \u201e Z ekonomi\u0105 na ty\u201d<\/p>\n<p>1m . Martyna Krupa &#8211; Gimnazjum nr 1<\/p>\n<p>Emilia Kilanowska &#8211; Gimnazjum Laskowice<\/p>\n<p>2m. Dawid Nobakowski &#8211; Gimnazjum nr 1 w \u015awieciu<\/p>\n<p>Fryderyk Kocik &#8211; Gimnazjum Laskowice<\/p>\n<p>3m. Martyna Ryner<\/p>\n<p>Natalia Grzybowska &#8211; Gimnazjum Laskowice<\/p>\n","protected":false},"excerpt":{"rendered":"<p>Uczniowie gimnazj\u00f3w powiatu \u015bwieckiego i uczni\u00f3w ZSP uczestniczyli w konkursie \u201eNajpi\u0119kniejszy st\u00f3\u0142 \u015bwi\u0105teczny\u201d. 1m. Gimnazjum w Gr\u00f3dku 2.m Gimnazjum nr 1 w \u015awieciu ex&#8230; &nbsp; <a href=\"https:\/\/www.zspswiecie.pl\/index.php\/2016\/12\/najpiekniejszy-stol-swiateczny\/\" class=\"moretag\">Wi\u0119cej&#8230;<\/a><\/p>\n","protected":false},"author":2,"featured_media":2277,"comment_status":"closed","ping_status":"open","sticky":false,"template":"","format":"standard","meta":{"footnotes":""},"categories":[5],"tags":[],"class_list":["post-2276","post","type-post","status-publish","format-standard","has-post-thumbnail","hentry","category-informacje"],"yoast_head":"<!-- This site is optimized with the Yoast SEO plugin v26.8 - https:\/\/yoast.com\/product\/yoast-seo-wordpress\/ -->\n<title>NAJPI\u0118KNIEJSZY ST\u00d3\u0141 \u015aWI\u0104TECZNY - ZSP<\/title>\n<meta name=\"robots\" content=\"index, follow, max-snippet:-1, max-image-preview:large, max-video-preview:-1\" \/>\n<link rel=\"canonical\" href=\"https:\/\/www.zspswiecie.pl\/index.php\/2016\/12\/najpiekniejszy-stol-swiateczny\/\" \/>\n<meta property=\"og:locale\" content=\"pl_PL\" \/>\n<meta property=\"og:type\" content=\"article\" \/>\n<meta property=\"og:title\" content=\"NAJPI\u0118KNIEJSZY ST\u00d3\u0141 \u015aWI\u0104TECZNY - ZSP\" \/>\n<meta property=\"og:description\" content=\"Uczniowie gimnazj\u00f3w powiatu \u015bwieckiego i uczni\u00f3w ZSP uczestniczyli w konkursie \u201eNajpi\u0119kniejszy st\u00f3\u0142 \u015bwi\u0105teczny\u201d. 1m. Gimnazjum w Gr\u00f3dku 2.m Gimnazjum nr 1 w \u015awieciu ex... &nbsp; Wi\u0119cej...\" \/>\n<meta property=\"og:url\" content=\"https:\/\/www.zspswiecie.pl\/index.php\/2016\/12\/najpiekniejszy-stol-swiateczny\/\" \/>\n<meta property=\"og:site_name\" content=\"ZSP\" \/>\n<meta property=\"article:publisher\" content=\"https:\/\/www.facebook.com\/people\/Zesp-Szk-Ponadpodstawowych-w-wieciu\/100057638830230\/\" \/>\n<meta property=\"article:published_time\" content=\"2016-12-13T11:43:22+00:00\" \/>\n<meta property=\"article:modified_time\" content=\"2016-12-15T11:40:29+00:00\" \/>\n<meta property=\"og:image\" content=\"http:\/\/www.zspswiecie.pl\/wp-content\/uploads\/2016\/03\/ZSP_budynek_szko%c5%82y_%c5%9bwiecie.jpg\" \/>\n<meta name=\"author\" content=\"Katarzyna\" \/>\n<meta name=\"twitter:label1\" content=\"Napisane przez\" \/>\n\t<meta name=\"twitter:data1\" content=\"Katarzyna\" \/>\n\t<meta name=\"twitter:label2\" content=\"Szacowany czas czytania\" \/>\n\t<meta name=\"twitter:data2\" content=\"1 minuta\" \/>\n<script type=\"application\/ld+json\" class=\"yoast-schema-graph\">{\"@context\":\"https:\/\/schema.org\",\"@graph\":[{\"@type\":\"Article\",\"@id\":\"https:\/\/www.zspswiecie.pl\/index.php\/2016\/12\/najpiekniejszy-stol-swiateczny\/#article\",\"isPartOf\":{\"@id\":\"https:\/\/www.zspswiecie.pl\/index.php\/2016\/12\/najpiekniejszy-stol-swiateczny\/\"},\"author\":{\"name\":\"Katarzyna\",\"@id\":\"https:\/\/www.zspswiecie.pl\/#\/schema\/person\/e02da1ef6b75bbd4043bfa50e22d5976\"},\"headline\":\"NAJPI\u0118KNIEJSZY ST\u00d3\u0141 \u015aWI\u0104TECZNY\",\"datePublished\":\"2016-12-13T11:43:22+00:00\",\"dateModified\":\"2016-12-15T11:40:29+00:00\",\"mainEntityOfPage\":{\"@id\":\"https:\/\/www.zspswiecie.pl\/index.php\/2016\/12\/najpiekniejszy-stol-swiateczny\/\"},\"wordCount\":106,\"publisher\":{\"@id\":\"https:\/\/www.zspswiecie.pl\/#organization\"},\"image\":{\"@id\":\"https:\/\/www.zspswiecie.pl\/index.php\/2016\/12\/najpiekniejszy-stol-swiateczny\/#primaryimage\"},\"thumbnailUrl\":\"https:\/\/www.zspswiecie.pl\/wp-content\/uploads\/2016\/12\/DSCF5478.bmp\",\"articleSection\":[\"Informacje\"],\"inLanguage\":\"pl-PL\"},{\"@type\":\"WebPage\",\"@id\":\"https:\/\/www.zspswiecie.pl\/index.php\/2016\/12\/najpiekniejszy-stol-swiateczny\/\",\"url\":\"https:\/\/www.zspswiecie.pl\/index.php\/2016\/12\/najpiekniejszy-stol-swiateczny\/\",\"name\":\"NAJPI\u0118KNIEJSZY ST\u00d3\u0141 \u015aWI\u0104TECZNY - ZSP\",\"isPartOf\":{\"@id\":\"https:\/\/www.zspswiecie.pl\/#website\"},\"primaryImageOfPage\":{\"@id\":\"https:\/\/www.zspswiecie.pl\/index.php\/2016\/12\/najpiekniejszy-stol-swiateczny\/#primaryimage\"},\"image\":{\"@id\":\"https:\/\/www.zspswiecie.pl\/index.php\/2016\/12\/najpiekniejszy-stol-swiateczny\/#primaryimage\"},\"thumbnailUrl\":\"https:\/\/www.zspswiecie.pl\/wp-content\/uploads\/2016\/12\/DSCF5478.bmp\",\"datePublished\":\"2016-12-13T11:43:22+00:00\",\"dateModified\":\"2016-12-15T11:40:29+00:00\",\"breadcrumb\":{\"@id\":\"https:\/\/www.zspswiecie.pl\/index.php\/2016\/12\/najpiekniejszy-stol-swiateczny\/#breadcrumb\"},\"inLanguage\":\"pl-PL\",\"potentialAction\":[{\"@type\":\"ReadAction\",\"target\":[\"https:\/\/www.zspswiecie.pl\/index.php\/2016\/12\/najpiekniejszy-stol-swiateczny\/\"]}]},{\"@type\":\"ImageObject\",\"inLanguage\":\"pl-PL\",\"@id\":\"https:\/\/www.zspswiecie.pl\/index.php\/2016\/12\/najpiekniejszy-stol-swiateczny\/#primaryimage\",\"url\":\"https:\/\/www.zspswiecie.pl\/wp-content\/uploads\/2016\/12\/DSCF5478.bmp\",\"contentUrl\":\"https:\/\/www.zspswiecie.pl\/wp-content\/uploads\/2016\/12\/DSCF5478.bmp\",\"width\":800,\"height\":600},{\"@type\":\"BreadcrumbList\",\"@id\":\"https:\/\/www.zspswiecie.pl\/index.php\/2016\/12\/najpiekniejszy-stol-swiateczny\/#breadcrumb\",\"itemListElement\":[{\"@type\":\"ListItem\",\"position\":1,\"name\":\"Strona g\u0142\u00f3wna\",\"item\":\"https:\/\/www.zspswiecie.pl\/index.php\/home\/strona-glowna\/\"},{\"@type\":\"ListItem\",\"position\":2,\"name\":\"NAJPI\u0118KNIEJSZY ST\u00d3\u0141 \u015aWI\u0104TECZNY\"}]},{\"@type\":\"WebSite\",\"@id\":\"https:\/\/www.zspswiecie.pl\/#website\",\"url\":\"https:\/\/www.zspswiecie.pl\/\",\"name\":\"ZSP\",\"description\":\"Zesp\u00f3\u0142 Szk\u00f3\u0142 Ponadpodstawowych\",\"publisher\":{\"@id\":\"https:\/\/www.zspswiecie.pl\/#organization\"},\"potentialAction\":[{\"@type\":\"SearchAction\",\"target\":{\"@type\":\"EntryPoint\",\"urlTemplate\":\"https:\/\/www.zspswiecie.pl\/?s={search_term_string}\"},\"query-input\":{\"@type\":\"PropertyValueSpecification\",\"valueRequired\":true,\"valueName\":\"search_term_string\"}}],\"inLanguage\":\"pl-PL\"},{\"@type\":\"Organization\",\"@id\":\"https:\/\/www.zspswiecie.pl\/#organization\",\"name\":\"Zesp\u00f3\u0142 Szk\u00f3\u0142 Ponadpodstawowych\",\"url\":\"https:\/\/www.zspswiecie.pl\/\",\"logo\":{\"@type\":\"ImageObject\",\"inLanguage\":\"pl-PL\",\"@id\":\"https:\/\/www.zspswiecie.pl\/#\/schema\/logo\/image\/\",\"url\":\"http:\/\/www.zspswiecie.pl\/wp-content\/uploads\/2016\/03\/logo-zsp2.png\",\"contentUrl\":\"http:\/\/www.zspswiecie.pl\/wp-content\/uploads\/2016\/03\/logo-zsp2.png\",\"width\":449,\"height\":351,\"caption\":\"Zesp\u00f3\u0142 Szk\u00f3\u0142 Ponadpodstawowych\"},\"image\":{\"@id\":\"https:\/\/www.zspswiecie.pl\/#\/schema\/logo\/image\/\"},\"sameAs\":[\"https:\/\/www.facebook.com\/people\/Zesp-Szk-Ponadpodstawowych-w-wieciu\/100057638830230\/\"]},{\"@type\":\"Person\",\"@id\":\"https:\/\/www.zspswiecie.pl\/#\/schema\/person\/e02da1ef6b75bbd4043bfa50e22d5976\",\"name\":\"Katarzyna\",\"image\":{\"@type\":\"ImageObject\",\"inLanguage\":\"pl-PL\",\"@id\":\"https:\/\/www.zspswiecie.pl\/#\/schema\/person\/image\/\",\"url\":\"https:\/\/secure.gravatar.com\/avatar\/cecd50f696defba6d8269961136eef4639e8542bd8a188e5817d76f2e78de1c3?s=96&d=mm&r=g\",\"contentUrl\":\"https:\/\/secure.gravatar.com\/avatar\/cecd50f696defba6d8269961136eef4639e8542bd8a188e5817d76f2e78de1c3?s=96&d=mm&r=g\",\"caption\":\"Katarzyna\"},\"url\":\"https:\/\/www.zspswiecie.pl\/index.php\/author\/kasia_k\/\"}]}<\/script>\n<!-- \/ Yoast SEO plugin. -->","yoast_head_json":{"title":"NAJPI\u0118KNIEJSZY ST\u00d3\u0141 \u015aWI\u0104TECZNY - ZSP","robots":{"index":"index","follow":"follow","max-snippet":"max-snippet:-1","max-image-preview":"max-image-preview:large","max-video-preview":"max-video-preview:-1"},"canonical":"https:\/\/www.zspswiecie.pl\/index.php\/2016\/12\/najpiekniejszy-stol-swiateczny\/","og_locale":"pl_PL","og_type":"article","og_title":"NAJPI\u0118KNIEJSZY ST\u00d3\u0141 \u015aWI\u0104TECZNY - ZSP","og_description":"Uczniowie gimnazj\u00f3w powiatu \u015bwieckiego i uczni\u00f3w ZSP uczestniczyli w konkursie \u201eNajpi\u0119kniejszy st\u00f3\u0142 \u015bwi\u0105teczny\u201d. 1m. Gimnazjum w Gr\u00f3dku 2.m Gimnazjum nr 1 w \u015awieciu ex... &nbsp; Wi\u0119cej...","og_url":"https:\/\/www.zspswiecie.pl\/index.php\/2016\/12\/najpiekniejszy-stol-swiateczny\/","og_site_name":"ZSP","article_publisher":"https:\/\/www.facebook.com\/people\/Zesp-Szk-Ponadpodstawowych-w-wieciu\/100057638830230\/","article_published_time":"2016-12-13T11:43:22+00:00","article_modified_time":"2016-12-15T11:40:29+00:00","og_image":[{"url":"http:\/\/www.zspswiecie.pl\/wp-content\/uploads\/2016\/03\/ZSP_budynek_szko%c5%82y_%c5%9bwiecie.jpg","type":"","width":"","height":""}],"author":"Katarzyna","twitter_misc":{"Napisane przez":"Katarzyna","Szacowany czas czytania":"1 minuta"},"schema":{"@context":"https:\/\/schema.org","@graph":[{"@type":"Article","@id":"https:\/\/www.zspswiecie.pl\/index.php\/2016\/12\/najpiekniejszy-stol-swiateczny\/#article","isPartOf":{"@id":"https:\/\/www.zspswiecie.pl\/index.php\/2016\/12\/najpiekniejszy-stol-swiateczny\/"},"author":{"name":"Katarzyna","@id":"https:\/\/www.zspswiecie.pl\/#\/schema\/person\/e02da1ef6b75bbd4043bfa50e22d5976"},"headline":"NAJPI\u0118KNIEJSZY ST\u00d3\u0141 \u015aWI\u0104TECZNY","datePublished":"2016-12-13T11:43:22+00:00","dateModified":"2016-12-15T11:40:29+00:00","mainEntityOfPage":{"@id":"https:\/\/www.zspswiecie.pl\/index.php\/2016\/12\/najpiekniejszy-stol-swiateczny\/"},"wordCount":106,"publisher":{"@id":"https:\/\/www.zspswiecie.pl\/#organization"},"image":{"@id":"https:\/\/www.zspswiecie.pl\/index.php\/2016\/12\/najpiekniejszy-stol-swiateczny\/#primaryimage"},"thumbnailUrl":"https:\/\/www.zspswiecie.pl\/wp-content\/uploads\/2016\/12\/DSCF5478.bmp","articleSection":["Informacje"],"inLanguage":"pl-PL"},{"@type":"WebPage","@id":"https:\/\/www.zspswiecie.pl\/index.php\/2016\/12\/najpiekniejszy-stol-swiateczny\/","url":"https:\/\/www.zspswiecie.pl\/index.php\/2016\/12\/najpiekniejszy-stol-swiateczny\/","name":"NAJPI\u0118KNIEJSZY ST\u00d3\u0141 \u015aWI\u0104TECZNY - ZSP","isPartOf":{"@id":"https:\/\/www.zspswiecie.pl\/#website"},"primaryImageOfPage":{"@id":"https:\/\/www.zspswiecie.pl\/index.php\/2016\/12\/najpiekniejszy-stol-swiateczny\/#primaryimage"},"image":{"@id":"https:\/\/www.zspswiecie.pl\/index.php\/2016\/12\/najpiekniejszy-stol-swiateczny\/#primaryimage"},"thumbnailUrl":"https:\/\/www.zspswiecie.pl\/wp-content\/uploads\/2016\/12\/DSCF5478.bmp","datePublished":"2016-12-13T11:43:22+00:00","dateModified":"2016-12-15T11:40:29+00:00","breadcrumb":{"@id":"https:\/\/www.zspswiecie.pl\/index.php\/2016\/12\/najpiekniejszy-stol-swiateczny\/#breadcrumb"},"inLanguage":"pl-PL","potentialAction":[{"@type":"ReadAction","target":["https:\/\/www.zspswiecie.pl\/index.php\/2016\/12\/najpiekniejszy-stol-swiateczny\/"]}]},{"@type":"ImageObject","inLanguage":"pl-PL","@id":"https:\/\/www.zspswiecie.pl\/index.php\/2016\/12\/najpiekniejszy-stol-swiateczny\/#primaryimage","url":"https:\/\/www.zspswiecie.pl\/wp-content\/uploads\/2016\/12\/DSCF5478.bmp","contentUrl":"https:\/\/www.zspswiecie.pl\/wp-content\/uploads\/2016\/12\/DSCF5478.bmp","width":800,"height":600},{"@type":"BreadcrumbList","@id":"https:\/\/www.zspswiecie.pl\/index.php\/2016\/12\/najpiekniejszy-stol-swiateczny\/#breadcrumb","itemListElement":[{"@type":"ListItem","position":1,"name":"Strona g\u0142\u00f3wna","item":"https:\/\/www.zspswiecie.pl\/index.php\/home\/strona-glowna\/"},{"@type":"ListItem","position":2,"name":"NAJPI\u0118KNIEJSZY ST\u00d3\u0141 \u015aWI\u0104TECZNY"}]},{"@type":"WebSite","@id":"https:\/\/www.zspswiecie.pl\/#website","url":"https:\/\/www.zspswiecie.pl\/","name":"ZSP","description":"Zesp\u00f3\u0142 Szk\u00f3\u0142 Ponadpodstawowych","publisher":{"@id":"https:\/\/www.zspswiecie.pl\/#organization"},"potentialAction":[{"@type":"SearchAction","target":{"@type":"EntryPoint","urlTemplate":"https:\/\/www.zspswiecie.pl\/?s={search_term_string}"},"query-input":{"@type":"PropertyValueSpecification","valueRequired":true,"valueName":"search_term_string"}}],"inLanguage":"pl-PL"},{"@type":"Organization","@id":"https:\/\/www.zspswiecie.pl\/#organization","name":"Zesp\u00f3\u0142 Szk\u00f3\u0142 Ponadpodstawowych","url":"https:\/\/www.zspswiecie.pl\/","logo":{"@type":"ImageObject","inLanguage":"pl-PL","@id":"https:\/\/www.zspswiecie.pl\/#\/schema\/logo\/image\/","url":"http:\/\/www.zspswiecie.pl\/wp-content\/uploads\/2016\/03\/logo-zsp2.png","contentUrl":"http:\/\/www.zspswiecie.pl\/wp-content\/uploads\/2016\/03\/logo-zsp2.png","width":449,"height":351,"caption":"Zesp\u00f3\u0142 Szk\u00f3\u0142 Ponadpodstawowych"},"image":{"@id":"https:\/\/www.zspswiecie.pl\/#\/schema\/logo\/image\/"},"sameAs":["https:\/\/www.facebook.com\/people\/Zesp-Szk-Ponadpodstawowych-w-wieciu\/100057638830230\/"]},{"@type":"Person","@id":"https:\/\/www.zspswiecie.pl\/#\/schema\/person\/e02da1ef6b75bbd4043bfa50e22d5976","name":"Katarzyna","image":{"@type":"ImageObject","inLanguage":"pl-PL","@id":"https:\/\/www.zspswiecie.pl\/#\/schema\/person\/image\/","url":"https:\/\/secure.gravatar.com\/avatar\/cecd50f696defba6d8269961136eef4639e8542bd8a188e5817d76f2e78de1c3?s=96&d=mm&r=g","contentUrl":"https:\/\/secure.gravatar.com\/avatar\/cecd50f696defba6d8269961136eef4639e8542bd8a188e5817d76f2e78de1c3?s=96&d=mm&r=g","caption":"Katarzyna"},"url":"https:\/\/www.zspswiecie.pl\/index.php\/author\/kasia_k\/"}]}},"_links":{"self":[{"href":"https:\/\/www.zspswiecie.pl\/index.php\/wp-json\/wp\/v2\/posts\/2276","targetHints":{"allow":["GET"]}}],"collection":[{"href":"https:\/\/www.zspswiecie.pl\/index.php\/wp-json\/wp\/v2\/posts"}],"about":[{"href":"https:\/\/www.zspswiecie.pl\/index.php\/wp-json\/wp\/v2\/types\/post"}],"author":[{"embeddable":true,"href":"https:\/\/www.zspswiecie.pl\/index.php\/wp-json\/wp\/v2\/users\/2"}],"replies":[{"embeddable":true,"href":"https:\/\/www.zspswiecie.pl\/index.php\/wp-json\/wp\/v2\/comments?post=2276"}],"version-history":[{"count":5,"href":"https:\/\/www.zspswiecie.pl\/index.php\/wp-json\/wp\/v2\/posts\/2276\/revisions"}],"predecessor-version":[{"id":2309,"href":"https:\/\/www.zspswiecie.pl\/index.php\/wp-json\/wp\/v2\/posts\/2276\/revisions\/2309"}],"wp:featuredmedia":[{"embeddable":true,"href":"https:\/\/www.zspswiecie.pl\/index.php\/wp-json\/wp\/v2\/media\/2277"}],"wp:attachment":[{"href":"https:\/\/www.zspswiecie.pl\/index.php\/wp-json\/wp\/v2\/media?parent=2276"}],"wp:term":[{"taxonomy":"category","embeddable":true,"href":"https:\/\/www.zspswiecie.pl\/index.php\/wp-json\/wp\/v2\/categories?post=2276"},{"taxonomy":"post_tag","embeddable":true,"href":"https:\/\/www.zspswiecie.pl\/index.php\/wp-json\/wp\/v2\/tags?post=2276"}],"curies":[{"name":"wp","href":"https:\/\/api.w.org\/{rel}","templated":true}]}}