{"id":15818,"date":"2026-01-30T08:09:10","date_gmt":"2026-01-30T07:09:10","guid":{"rendered":"https:\/\/www.zspswiecie.pl\/?p=15818"},"modified":"2026-04-03T21:15:54","modified_gmt":"2026-04-03T19:15:54","slug":"jubileusz","status":"publish","type":"post","link":"https:\/\/www.zspswiecie.pl\/index.php\/2026\/01\/jubileusz\/","title":{"rendered":"JUBILEUSZ"},"content":{"rendered":"\n<p><mark style=\"background-color:rgba(0, 0, 0, 0)\" class=\"has-inline-color has-black-color\">30 stycznia obchodzili\u015bmy Jubileusz 80-lecia Szkolnictwa Zawodowego.<\/mark><\/p>\n\n\n\n<p><mark style=\"background-color:rgba(0, 0, 0, 0)\" class=\"has-inline-color has-black-color\">Odby\u0142y si\u0119 Drzwi Otwarte, w kt\u00f3rych uczestniczyli uczniowie klas \u00f3smych. M\u0142odzie\u017c zapozna\u0142a si\u0119 z ofert\u0105 kszta\u0142cenia w naszej szkole, pozna\u0142a pracownie.<\/mark><\/p>\n\n\n\n<figure class=\"wp-block-image size-full\"><img loading=\"lazy\" decoding=\"async\" width=\"1024\" height=\"576\" src=\"https:\/\/www.zspswiecie.pl\/wp-content\/uploads\/2026\/02\/jubileusz_3.jpg\" alt=\"\" class=\"wp-image-15838\" srcset=\"https:\/\/www.zspswiecie.pl\/wp-content\/uploads\/2026\/02\/jubileusz_3.jpg 1024w, https:\/\/www.zspswiecie.pl\/wp-content\/uploads\/2026\/02\/jubileusz_3-300x169.jpg 300w, https:\/\/www.zspswiecie.pl\/wp-content\/uploads\/2026\/02\/jubileusz_3-768x432.jpg 768w\" sizes=\"auto, (max-width: 1024px) 100vw, 1024px\" \/><\/figure>\n\n\n\n<p><mark style=\"background-color:rgba(0, 0, 0, 0)\" class=\"has-inline-color has-black-color\"> Na sali gimnastycznej prezentowali stoiska lokalni pracodawcy oraz Wojskowe Centrum Rekrutacji w Grudzi\u0105dzu.<\/mark><\/p>\n\n\n\n<figure class=\"wp-block-image size-full\"><img loading=\"lazy\" decoding=\"async\" width=\"1024\" height=\"635\" src=\"https:\/\/www.zspswiecie.pl\/wp-content\/uploads\/2026\/02\/jubileusz_4.jpg\" alt=\"\" class=\"wp-image-15842\" srcset=\"https:\/\/www.zspswiecie.pl\/wp-content\/uploads\/2026\/02\/jubileusz_4.jpg 1024w, https:\/\/www.zspswiecie.pl\/wp-content\/uploads\/2026\/02\/jubileusz_4-300x186.jpg 300w, https:\/\/www.zspswiecie.pl\/wp-content\/uploads\/2026\/02\/jubileusz_4-768x476.jpg 768w\" sizes=\"auto, (max-width: 1024px) 100vw, 1024px\" \/><\/figure>\n\n\n\n<figure class=\"wp-block-image size-full\"><img loading=\"lazy\" decoding=\"async\" width=\"1024\" height=\"633\" src=\"https:\/\/www.zspswiecie.pl\/wp-content\/uploads\/2026\/02\/jubileusz_5.jpg\" alt=\"\" class=\"wp-image-15843\" srcset=\"https:\/\/www.zspswiecie.pl\/wp-content\/uploads\/2026\/02\/jubileusz_5.jpg 1024w, https:\/\/www.zspswiecie.pl\/wp-content\/uploads\/2026\/02\/jubileusz_5-300x185.jpg 300w, https:\/\/www.zspswiecie.pl\/wp-content\/uploads\/2026\/02\/jubileusz_5-768x475.jpg 768w\" sizes=\"auto, (max-width: 1024px) 100vw, 1024px\" \/><\/figure>\n\n\n\n<p><\/p>\n\n\n\n<p><mark style=\"background-color:rgba(0, 0, 0, 0)\" class=\"has-inline-color has-black-color\">Wystawa ukazuj\u0105ca histori\u0119 szkolnictwa zawodowego.<\/mark> <mark style=\"background-color:rgba(0, 0, 0, 0)\" class=\"has-inline-color has-black-color\">Nasza szko\u0142a na przestrzeni lat kilkakrotnie zmienia\u0142a nazw\u0119, kierunki kszta\u0142cenia\u00a0do zmieniaj\u0105cych si\u0119 reali\u00f3w gospodarczych i edukacyjnych.\u00a0<\/mark><\/p>\n\n\n\n<figure class=\"wp-block-image size-large\"><img loading=\"lazy\" decoding=\"async\" width=\"1200\" height=\"673\" src=\"https:\/\/www.zspswiecie.pl\/wp-content\/uploads\/2026\/01\/1769760559563-1200x673.jpg\" alt=\"\" class=\"wp-image-15826\" srcset=\"https:\/\/www.zspswiecie.pl\/wp-content\/uploads\/2026\/01\/1769760559563-1200x673.jpg 1200w, https:\/\/www.zspswiecie.pl\/wp-content\/uploads\/2026\/01\/1769760559563-300x168.jpg 300w, https:\/\/www.zspswiecie.pl\/wp-content\/uploads\/2026\/01\/1769760559563-768x431.jpg 768w, https:\/\/www.zspswiecie.pl\/wp-content\/uploads\/2026\/01\/1769760559563.jpg 1280w\" sizes=\"auto, (max-width: 1200px) 100vw, 1200px\" \/><\/figure>\n\n\n\n<p><mark style=\"background-color:rgba(0, 0, 0, 0)\" class=\"has-inline-color has-black-color\">Msza \u015awi\u0119ta w Ko\u015bciele Niepokalanego Pocz\u0119cia NMP w \u015awieciu, sprawowana pod przewodnictwem ks. Proboszcza Micha\u0142a Kempy, wsp\u00f3\u0142koncelebrowana przez by\u0142ych pracownik\u00f3w szko\u0142y: ks. Janusza Zg\u00f3dki oraz ks. Wojciecha Korzeniaka, rozpocz\u0119\u0142a obchody 80-lecia ZSP w \u015awieciu. <\/mark><\/p>\n\n\n\n<p><mark style=\"background-color:rgba(0, 0, 0, 0)\" class=\"has-inline-color has-black-color\">Gala jubileuszowa odby\u0142a si\u0119 w Centrum Kultury w \u015awieciu.<\/mark><\/p>\n\n\n\n<figure class=\"wp-block-image size-full\"><img loading=\"lazy\" decoding=\"async\" width=\"1200\" height=\"800\" src=\"https:\/\/www.zspswiecie.pl\/wp-content\/uploads\/2026\/02\/jubileusz_1.jpg\" alt=\"\" class=\"wp-image-15837\" srcset=\"https:\/\/www.zspswiecie.pl\/wp-content\/uploads\/2026\/02\/jubileusz_1.jpg 1200w, https:\/\/www.zspswiecie.pl\/wp-content\/uploads\/2026\/02\/jubileusz_1-300x200.jpg 300w, https:\/\/www.zspswiecie.pl\/wp-content\/uploads\/2026\/02\/jubileusz_1-768x512.jpg 768w\" sizes=\"auto, (max-width: 1200px) 100vw, 1200px\" \/><\/figure>\n\n\n\n<p><mark style=\"background-color:rgba(0, 0, 0, 0)\" class=\"has-inline-color has-black-color\">W wydarzeniu uczestniczyli zaproszeni go\u015bcie, absolwenci, emerytowani pracownicy szko\u0142y, pracownicy szko\u0142y.<\/mark><\/p>\n\n\n\n<figure class=\"wp-block-image size-full\"><img loading=\"lazy\" decoding=\"async\" width=\"1200\" height=\"800\" src=\"https:\/\/www.zspswiecie.pl\/wp-content\/uploads\/2026\/02\/jubileusz.jpg\" alt=\"\" class=\"wp-image-15836\" srcset=\"https:\/\/www.zspswiecie.pl\/wp-content\/uploads\/2026\/02\/jubileusz.jpg 1200w, https:\/\/www.zspswiecie.pl\/wp-content\/uploads\/2026\/02\/jubileusz-300x200.jpg 300w, https:\/\/www.zspswiecie.pl\/wp-content\/uploads\/2026\/02\/jubileusz-768x512.jpg 768w\" sizes=\"auto, (max-width: 1200px) 100vw, 1200px\" \/><\/figure>\n\n\n\n<figure class=\"wp-block-image size-large\"><img loading=\"lazy\" decoding=\"async\" width=\"1200\" height=\"763\" src=\"https:\/\/www.zspswiecie.pl\/wp-content\/uploads\/2026\/01\/623361608_1337569111507704_7107694880493488_n-1200x763.jpg\" alt=\"\" class=\"wp-image-15819\" srcset=\"https:\/\/www.zspswiecie.pl\/wp-content\/uploads\/2026\/01\/623361608_1337569111507704_7107694880493488_n-1200x763.jpg 1200w, https:\/\/www.zspswiecie.pl\/wp-content\/uploads\/2026\/01\/623361608_1337569111507704_7107694880493488_n-300x191.jpg 300w, https:\/\/www.zspswiecie.pl\/wp-content\/uploads\/2026\/01\/623361608_1337569111507704_7107694880493488_n-768x489.jpg 768w, https:\/\/www.zspswiecie.pl\/wp-content\/uploads\/2026\/01\/623361608_1337569111507704_7107694880493488_n-1536x977.jpg 1536w, https:\/\/www.zspswiecie.pl\/wp-content\/uploads\/2026\/01\/623361608_1337569111507704_7107694880493488_n.jpg 2048w\" sizes=\"auto, (max-width: 1200px) 100vw, 1200px\" \/><\/figure>\n","protected":false},"excerpt":{"rendered":"<p>30 stycznia obchodzili\u015bmy Jubileusz 80-lecia Szkolnictwa Zawodowego. Odby\u0142y si\u0119 Drzwi Otwarte, w kt\u00f3rych uczestniczyli uczniowie klas \u00f3smych. M\u0142odzie\u017c zapozna\u0142a si\u0119 z ofert\u0105 kszta\u0142cenia w&#8230; &nbsp; <a href=\"https:\/\/www.zspswiecie.pl\/index.php\/2026\/01\/jubileusz\/\" class=\"moretag\">Wi\u0119cej&#8230;<\/a><\/p>\n","protected":false},"author":2,"featured_media":15820,"comment_status":"closed","ping_status":"closed","sticky":false,"template":"","format":"standard","meta":{"footnotes":""},"categories":[5],"tags":[],"class_list":["post-15818","post","type-post","status-publish","format-standard","has-post-thumbnail","hentry","category-informacje"],"yoast_head":"<!-- This site is optimized with the Yoast SEO plugin v26.8 - https:\/\/yoast.com\/product\/yoast-seo-wordpress\/ -->\n<title>JUBILEUSZ - ZSP<\/title>\n<meta name=\"robots\" content=\"index, follow, max-snippet:-1, max-image-preview:large, max-video-preview:-1\" \/>\n<link rel=\"canonical\" href=\"https:\/\/www.zspswiecie.pl\/index.php\/2026\/01\/jubileusz\/\" \/>\n<meta property=\"og:locale\" content=\"pl_PL\" \/>\n<meta property=\"og:type\" content=\"article\" \/>\n<meta property=\"og:title\" content=\"JUBILEUSZ - ZSP\" \/>\n<meta property=\"og:description\" content=\"30 stycznia obchodzili\u015bmy Jubileusz 80-lecia Szkolnictwa Zawodowego. Odby\u0142y si\u0119 Drzwi Otwarte, w kt\u00f3rych uczestniczyli uczniowie klas \u00f3smych. M\u0142odzie\u017c zapozna\u0142a si\u0119 z ofert\u0105 kszta\u0142cenia w... &nbsp; Wi\u0119cej...\" \/>\n<meta property=\"og:url\" content=\"https:\/\/www.zspswiecie.pl\/index.php\/2026\/01\/jubileusz\/\" \/>\n<meta property=\"og:site_name\" content=\"ZSP\" \/>\n<meta property=\"article:publisher\" content=\"https:\/\/www.facebook.com\/people\/Zesp-Szk-Ponadpodstawowych-w-wieciu\/100057638830230\/\" \/>\n<meta property=\"article:published_time\" content=\"2026-01-30T07:09:10+00:00\" \/>\n<meta property=\"article:modified_time\" content=\"2026-04-03T19:15:54+00:00\" \/>\n<meta property=\"og:image\" content=\"https:\/\/www.zspswiecie.pl\/wp-content\/uploads\/2026\/01\/623361608_1337569111507704_7107694880493488_n-1.jpg\" \/>\n\t<meta property=\"og:image:width\" content=\"2048\" \/>\n\t<meta property=\"og:image:height\" content=\"1280\" \/>\n\t<meta property=\"og:image:type\" content=\"image\/jpeg\" \/>\n<meta name=\"author\" content=\"Katarzyna\" \/>\n<meta name=\"twitter:label1\" content=\"Napisane przez\" \/>\n\t<meta name=\"twitter:data1\" content=\"Katarzyna\" \/>\n\t<meta name=\"twitter:label2\" content=\"Szacowany czas czytania\" \/>\n\t<meta name=\"twitter:data2\" content=\"3 minuty\" \/>\n<script type=\"application\/ld+json\" class=\"yoast-schema-graph\">{\"@context\":\"https:\/\/schema.org\",\"@graph\":[{\"@type\":\"Article\",\"@id\":\"https:\/\/www.zspswiecie.pl\/index.php\/2026\/01\/jubileusz\/#article\",\"isPartOf\":{\"@id\":\"https:\/\/www.zspswiecie.pl\/index.php\/2026\/01\/jubileusz\/\"},\"author\":{\"name\":\"Katarzyna\",\"@id\":\"https:\/\/www.zspswiecie.pl\/#\/schema\/person\/e02da1ef6b75bbd4043bfa50e22d5976\"},\"headline\":\"JUBILEUSZ\",\"datePublished\":\"2026-01-30T07:09:10+00:00\",\"dateModified\":\"2026-04-03T19:15:54+00:00\",\"mainEntityOfPage\":{\"@id\":\"https:\/\/www.zspswiecie.pl\/index.php\/2026\/01\/jubileusz\/\"},\"wordCount\":145,\"publisher\":{\"@id\":\"https:\/\/www.zspswiecie.pl\/#organization\"},\"image\":{\"@id\":\"https:\/\/www.zspswiecie.pl\/index.php\/2026\/01\/jubileusz\/#primaryimage\"},\"thumbnailUrl\":\"https:\/\/www.zspswiecie.pl\/wp-content\/uploads\/2026\/01\/623361608_1337569111507704_7107694880493488_n-1.jpg\",\"articleSection\":[\"Informacje\"],\"inLanguage\":\"pl-PL\"},{\"@type\":\"WebPage\",\"@id\":\"https:\/\/www.zspswiecie.pl\/index.php\/2026\/01\/jubileusz\/\",\"url\":\"https:\/\/www.zspswiecie.pl\/index.php\/2026\/01\/jubileusz\/\",\"name\":\"JUBILEUSZ - ZSP\",\"isPartOf\":{\"@id\":\"https:\/\/www.zspswiecie.pl\/#website\"},\"primaryImageOfPage\":{\"@id\":\"https:\/\/www.zspswiecie.pl\/index.php\/2026\/01\/jubileusz\/#primaryimage\"},\"image\":{\"@id\":\"https:\/\/www.zspswiecie.pl\/index.php\/2026\/01\/jubileusz\/#primaryimage\"},\"thumbnailUrl\":\"https:\/\/www.zspswiecie.pl\/wp-content\/uploads\/2026\/01\/623361608_1337569111507704_7107694880493488_n-1.jpg\",\"datePublished\":\"2026-01-30T07:09:10+00:00\",\"dateModified\":\"2026-04-03T19:15:54+00:00\",\"breadcrumb\":{\"@id\":\"https:\/\/www.zspswiecie.pl\/index.php\/2026\/01\/jubileusz\/#breadcrumb\"},\"inLanguage\":\"pl-PL\",\"potentialAction\":[{\"@type\":\"ReadAction\",\"target\":[\"https:\/\/www.zspswiecie.pl\/index.php\/2026\/01\/jubileusz\/\"]}]},{\"@type\":\"ImageObject\",\"inLanguage\":\"pl-PL\",\"@id\":\"https:\/\/www.zspswiecie.pl\/index.php\/2026\/01\/jubileusz\/#primaryimage\",\"url\":\"https:\/\/www.zspswiecie.pl\/wp-content\/uploads\/2026\/01\/623361608_1337569111507704_7107694880493488_n-1.jpg\",\"contentUrl\":\"https:\/\/www.zspswiecie.pl\/wp-content\/uploads\/2026\/01\/623361608_1337569111507704_7107694880493488_n-1.jpg\",\"width\":2048,\"height\":1280},{\"@type\":\"BreadcrumbList\",\"@id\":\"https:\/\/www.zspswiecie.pl\/index.php\/2026\/01\/jubileusz\/#breadcrumb\",\"itemListElement\":[{\"@type\":\"ListItem\",\"position\":1,\"name\":\"Strona g\u0142\u00f3wna\",\"item\":\"https:\/\/www.zspswiecie.pl\/index.php\/home\/strona-glowna\/\"},{\"@type\":\"ListItem\",\"position\":2,\"name\":\"JUBILEUSZ\"}]},{\"@type\":\"WebSite\",\"@id\":\"https:\/\/www.zspswiecie.pl\/#website\",\"url\":\"https:\/\/www.zspswiecie.pl\/\",\"name\":\"ZSP\",\"description\":\"Zesp\u00f3\u0142 Szk\u00f3\u0142 Ponadpodstawowych\",\"publisher\":{\"@id\":\"https:\/\/www.zspswiecie.pl\/#organization\"},\"potentialAction\":[{\"@type\":\"SearchAction\",\"target\":{\"@type\":\"EntryPoint\",\"urlTemplate\":\"https:\/\/www.zspswiecie.pl\/?s={search_term_string}\"},\"query-input\":{\"@type\":\"PropertyValueSpecification\",\"valueRequired\":true,\"valueName\":\"search_term_string\"}}],\"inLanguage\":\"pl-PL\"},{\"@type\":\"Organization\",\"@id\":\"https:\/\/www.zspswiecie.pl\/#organization\",\"name\":\"Zesp\u00f3\u0142 Szk\u00f3\u0142 Ponadpodstawowych\",\"url\":\"https:\/\/www.zspswiecie.pl\/\",\"logo\":{\"@type\":\"ImageObject\",\"inLanguage\":\"pl-PL\",\"@id\":\"https:\/\/www.zspswiecie.pl\/#\/schema\/logo\/image\/\",\"url\":\"http:\/\/www.zspswiecie.pl\/wp-content\/uploads\/2016\/03\/logo-zsp2.png\",\"contentUrl\":\"http:\/\/www.zspswiecie.pl\/wp-content\/uploads\/2016\/03\/logo-zsp2.png\",\"width\":449,\"height\":351,\"caption\":\"Zesp\u00f3\u0142 Szk\u00f3\u0142 Ponadpodstawowych\"},\"image\":{\"@id\":\"https:\/\/www.zspswiecie.pl\/#\/schema\/logo\/image\/\"},\"sameAs\":[\"https:\/\/www.facebook.com\/people\/Zesp-Szk-Ponadpodstawowych-w-wieciu\/100057638830230\/\"]},{\"@type\":\"Person\",\"@id\":\"https:\/\/www.zspswiecie.pl\/#\/schema\/person\/e02da1ef6b75bbd4043bfa50e22d5976\",\"name\":\"Katarzyna\",\"image\":{\"@type\":\"ImageObject\",\"inLanguage\":\"pl-PL\",\"@id\":\"https:\/\/www.zspswiecie.pl\/#\/schema\/person\/image\/\",\"url\":\"https:\/\/secure.gravatar.com\/avatar\/cecd50f696defba6d8269961136eef4639e8542bd8a188e5817d76f2e78de1c3?s=96&d=mm&r=g\",\"contentUrl\":\"https:\/\/secure.gravatar.com\/avatar\/cecd50f696defba6d8269961136eef4639e8542bd8a188e5817d76f2e78de1c3?s=96&d=mm&r=g\",\"caption\":\"Katarzyna\"},\"url\":\"https:\/\/www.zspswiecie.pl\/index.php\/author\/kasia_k\/\"}]}<\/script>\n<!-- \/ Yoast SEO plugin. -->","yoast_head_json":{"title":"JUBILEUSZ - ZSP","robots":{"index":"index","follow":"follow","max-snippet":"max-snippet:-1","max-image-preview":"max-image-preview:large","max-video-preview":"max-video-preview:-1"},"canonical":"https:\/\/www.zspswiecie.pl\/index.php\/2026\/01\/jubileusz\/","og_locale":"pl_PL","og_type":"article","og_title":"JUBILEUSZ - ZSP","og_description":"30 stycznia obchodzili\u015bmy Jubileusz 80-lecia Szkolnictwa Zawodowego. Odby\u0142y si\u0119 Drzwi Otwarte, w kt\u00f3rych uczestniczyli uczniowie klas \u00f3smych. M\u0142odzie\u017c zapozna\u0142a si\u0119 z ofert\u0105 kszta\u0142cenia w... &nbsp; Wi\u0119cej...","og_url":"https:\/\/www.zspswiecie.pl\/index.php\/2026\/01\/jubileusz\/","og_site_name":"ZSP","article_publisher":"https:\/\/www.facebook.com\/people\/Zesp-Szk-Ponadpodstawowych-w-wieciu\/100057638830230\/","article_published_time":"2026-01-30T07:09:10+00:00","article_modified_time":"2026-04-03T19:15:54+00:00","og_image":[{"width":2048,"height":1280,"url":"https:\/\/www.zspswiecie.pl\/wp-content\/uploads\/2026\/01\/623361608_1337569111507704_7107694880493488_n-1.jpg","type":"image\/jpeg"}],"author":"Katarzyna","twitter_misc":{"Napisane przez":"Katarzyna","Szacowany czas czytania":"3 minuty"},"schema":{"@context":"https:\/\/schema.org","@graph":[{"@type":"Article","@id":"https:\/\/www.zspswiecie.pl\/index.php\/2026\/01\/jubileusz\/#article","isPartOf":{"@id":"https:\/\/www.zspswiecie.pl\/index.php\/2026\/01\/jubileusz\/"},"author":{"name":"Katarzyna","@id":"https:\/\/www.zspswiecie.pl\/#\/schema\/person\/e02da1ef6b75bbd4043bfa50e22d5976"},"headline":"JUBILEUSZ","datePublished":"2026-01-30T07:09:10+00:00","dateModified":"2026-04-03T19:15:54+00:00","mainEntityOfPage":{"@id":"https:\/\/www.zspswiecie.pl\/index.php\/2026\/01\/jubileusz\/"},"wordCount":145,"publisher":{"@id":"https:\/\/www.zspswiecie.pl\/#organization"},"image":{"@id":"https:\/\/www.zspswiecie.pl\/index.php\/2026\/01\/jubileusz\/#primaryimage"},"thumbnailUrl":"https:\/\/www.zspswiecie.pl\/wp-content\/uploads\/2026\/01\/623361608_1337569111507704_7107694880493488_n-1.jpg","articleSection":["Informacje"],"inLanguage":"pl-PL"},{"@type":"WebPage","@id":"https:\/\/www.zspswiecie.pl\/index.php\/2026\/01\/jubileusz\/","url":"https:\/\/www.zspswiecie.pl\/index.php\/2026\/01\/jubileusz\/","name":"JUBILEUSZ - ZSP","isPartOf":{"@id":"https:\/\/www.zspswiecie.pl\/#website"},"primaryImageOfPage":{"@id":"https:\/\/www.zspswiecie.pl\/index.php\/2026\/01\/jubileusz\/#primaryimage"},"image":{"@id":"https:\/\/www.zspswiecie.pl\/index.php\/2026\/01\/jubileusz\/#primaryimage"},"thumbnailUrl":"https:\/\/www.zspswiecie.pl\/wp-content\/uploads\/2026\/01\/623361608_1337569111507704_7107694880493488_n-1.jpg","datePublished":"2026-01-30T07:09:10+00:00","dateModified":"2026-04-03T19:15:54+00:00","breadcrumb":{"@id":"https:\/\/www.zspswiecie.pl\/index.php\/2026\/01\/jubileusz\/#breadcrumb"},"inLanguage":"pl-PL","potentialAction":[{"@type":"ReadAction","target":["https:\/\/www.zspswiecie.pl\/index.php\/2026\/01\/jubileusz\/"]}]},{"@type":"ImageObject","inLanguage":"pl-PL","@id":"https:\/\/www.zspswiecie.pl\/index.php\/2026\/01\/jubileusz\/#primaryimage","url":"https:\/\/www.zspswiecie.pl\/wp-content\/uploads\/2026\/01\/623361608_1337569111507704_7107694880493488_n-1.jpg","contentUrl":"https:\/\/www.zspswiecie.pl\/wp-content\/uploads\/2026\/01\/623361608_1337569111507704_7107694880493488_n-1.jpg","width":2048,"height":1280},{"@type":"BreadcrumbList","@id":"https:\/\/www.zspswiecie.pl\/index.php\/2026\/01\/jubileusz\/#breadcrumb","itemListElement":[{"@type":"ListItem","position":1,"name":"Strona g\u0142\u00f3wna","item":"https:\/\/www.zspswiecie.pl\/index.php\/home\/strona-glowna\/"},{"@type":"ListItem","position":2,"name":"JUBILEUSZ"}]},{"@type":"WebSite","@id":"https:\/\/www.zspswiecie.pl\/#website","url":"https:\/\/www.zspswiecie.pl\/","name":"ZSP","description":"Zesp\u00f3\u0142 Szk\u00f3\u0142 Ponadpodstawowych","publisher":{"@id":"https:\/\/www.zspswiecie.pl\/#organization"},"potentialAction":[{"@type":"SearchAction","target":{"@type":"EntryPoint","urlTemplate":"https:\/\/www.zspswiecie.pl\/?s={search_term_string}"},"query-input":{"@type":"PropertyValueSpecification","valueRequired":true,"valueName":"search_term_string"}}],"inLanguage":"pl-PL"},{"@type":"Organization","@id":"https:\/\/www.zspswiecie.pl\/#organization","name":"Zesp\u00f3\u0142 Szk\u00f3\u0142 Ponadpodstawowych","url":"https:\/\/www.zspswiecie.pl\/","logo":{"@type":"ImageObject","inLanguage":"pl-PL","@id":"https:\/\/www.zspswiecie.pl\/#\/schema\/logo\/image\/","url":"http:\/\/www.zspswiecie.pl\/wp-content\/uploads\/2016\/03\/logo-zsp2.png","contentUrl":"http:\/\/www.zspswiecie.pl\/wp-content\/uploads\/2016\/03\/logo-zsp2.png","width":449,"height":351,"caption":"Zesp\u00f3\u0142 Szk\u00f3\u0142 Ponadpodstawowych"},"image":{"@id":"https:\/\/www.zspswiecie.pl\/#\/schema\/logo\/image\/"},"sameAs":["https:\/\/www.facebook.com\/people\/Zesp-Szk-Ponadpodstawowych-w-wieciu\/100057638830230\/"]},{"@type":"Person","@id":"https:\/\/www.zspswiecie.pl\/#\/schema\/person\/e02da1ef6b75bbd4043bfa50e22d5976","name":"Katarzyna","image":{"@type":"ImageObject","inLanguage":"pl-PL","@id":"https:\/\/www.zspswiecie.pl\/#\/schema\/person\/image\/","url":"https:\/\/secure.gravatar.com\/avatar\/cecd50f696defba6d8269961136eef4639e8542bd8a188e5817d76f2e78de1c3?s=96&d=mm&r=g","contentUrl":"https:\/\/secure.gravatar.com\/avatar\/cecd50f696defba6d8269961136eef4639e8542bd8a188e5817d76f2e78de1c3?s=96&d=mm&r=g","caption":"Katarzyna"},"url":"https:\/\/www.zspswiecie.pl\/index.php\/author\/kasia_k\/"}]}},"_links":{"self":[{"href":"https:\/\/www.zspswiecie.pl\/index.php\/wp-json\/wp\/v2\/posts\/15818","targetHints":{"allow":["GET"]}}],"collection":[{"href":"https:\/\/www.zspswiecie.pl\/index.php\/wp-json\/wp\/v2\/posts"}],"about":[{"href":"https:\/\/www.zspswiecie.pl\/index.php\/wp-json\/wp\/v2\/types\/post"}],"author":[{"embeddable":true,"href":"https:\/\/www.zspswiecie.pl\/index.php\/wp-json\/wp\/v2\/users\/2"}],"replies":[{"embeddable":true,"href":"https:\/\/www.zspswiecie.pl\/index.php\/wp-json\/wp\/v2\/comments?post=15818"}],"version-history":[{"count":14,"href":"https:\/\/www.zspswiecie.pl\/index.php\/wp-json\/wp\/v2\/posts\/15818\/revisions"}],"predecessor-version":[{"id":15871,"href":"https:\/\/www.zspswiecie.pl\/index.php\/wp-json\/wp\/v2\/posts\/15818\/revisions\/15871"}],"wp:featuredmedia":[{"embeddable":true,"href":"https:\/\/www.zspswiecie.pl\/index.php\/wp-json\/wp\/v2\/media\/15820"}],"wp:attachment":[{"href":"https:\/\/www.zspswiecie.pl\/index.php\/wp-json\/wp\/v2\/media?parent=15818"}],"wp:term":[{"taxonomy":"category","embeddable":true,"href":"https:\/\/www.zspswiecie.pl\/index.php\/wp-json\/wp\/v2\/categories?post=15818"},{"taxonomy":"post_tag","embeddable":true,"href":"https:\/\/www.zspswiecie.pl\/index.php\/wp-json\/wp\/v2\/tags?post=15818"}],"curies":[{"name":"wp","href":"https:\/\/api.w.org\/{rel}","templated":true}]}}