{"id":14172,"date":"2024-11-10T15:18:43","date_gmt":"2024-11-10T14:18:43","guid":{"rendered":"http:\/\/www.zspswiecie.pl\/?p=14172"},"modified":"2024-11-10T15:49:43","modified_gmt":"2024-11-10T14:49:43","slug":"narodowe-swieto-niepodleglosci-4","status":"publish","type":"post","link":"https:\/\/www.zspswiecie.pl\/index.php\/2024\/11\/narodowe-swieto-niepodleglosci-4\/","title":{"rendered":"NARODOWE \u015aWI\u0118TO NIEPODLEG\u0141O\u015aCI"},"content":{"rendered":"\n<p><mark style=\"background-color:rgba(0, 0, 0, 0)\" class=\"has-inline-color has-black-color\">W ramach szkolnych obchod\u00f3w \u015awi\u0119ta Niepodleg\u0142o\u015bci wys\u0142uchali\u015bmy recitalu pie\u015bni \u017co\u0142nierskich i patriotycznych przygotowanego przez szkolny zesp\u00f3\u0142 wokalny prowadzony przez Pani\u0105 Mart\u0119 Soko\u0142owsk\u0105. M\u0142odzie\u017c wykona\u0142a mi\u0119dzy innymi takie utwory jak: &#8222;Rota&#8221;, &#8222;Wojenko, wojenko&#8221;, &#8222;O m\u00f3j rozmarynie&#8221;. Utwory za\u015bpiewali uczniowie: Jagoda Sikorska, Natalia Smerli\u0144ska, Amelia Bugajska, Natalia Kici\u0144ska, Filip Ligman, Krystian W\u0119c\u0142awski oraz Filip Sinoracki.<\/mark><\/p>\n\n\n\n<figure class=\"wp-block-image size-full\"><img loading=\"lazy\" decoding=\"async\" width=\"1152\" height=\"720\" src=\"https:\/\/www.zspswiecie.pl\/wp-content\/uploads\/2024\/11\/1731244895085.png\" alt=\"\" class=\"wp-image-14175\" srcset=\"https:\/\/www.zspswiecie.pl\/wp-content\/uploads\/2024\/11\/1731244895085.png 1152w, https:\/\/www.zspswiecie.pl\/wp-content\/uploads\/2024\/11\/1731244895085-300x188.png 300w, https:\/\/www.zspswiecie.pl\/wp-content\/uploads\/2024\/11\/1731244895085-768x480.png 768w\" sizes=\"auto, (max-width: 1152px) 100vw, 1152px\" \/><\/figure>\n\n\n\n<p><mark style=\"background-color:rgba(0, 0, 0, 0)\" class=\"has-inline-color has-black-color\">11 listopada przypada \u015awi\u0119to Niepodleg\u0142o\u015bci, ustanowione na mocy ustawy z dnia 23 kwietnia 1937 r. Zosta\u0142o zniesione po II wojnie \u015bwiatowej w 1945 r., a nast\u0119pnie przywr\u00f3cone ustaw\u0105 z dnia 15 lutego 1989 r.<\/mark><\/p>\n\n\n\n<figure class=\"wp-block-image size-full\"><img loading=\"lazy\" decoding=\"async\" width=\"1152\" height=\"720\" src=\"https:\/\/www.zspswiecie.pl\/wp-content\/uploads\/2024\/11\/1731248581797.png\" alt=\"\" class=\"wp-image-14177\" srcset=\"https:\/\/www.zspswiecie.pl\/wp-content\/uploads\/2024\/11\/1731248581797.png 1152w, https:\/\/www.zspswiecie.pl\/wp-content\/uploads\/2024\/11\/1731248581797-300x188.png 300w, https:\/\/www.zspswiecie.pl\/wp-content\/uploads\/2024\/11\/1731248581797-768x480.png 768w\" sizes=\"auto, (max-width: 1152px) 100vw, 1152px\" \/><\/figure>\n\n\n\n<p><mark style=\"background-color:rgba(0, 0, 0, 0)\" class=\"has-inline-color has-black-color\">Narodowe \u015awi\u0119to Niepodleg\u0142o\u015bci\u00a0&#8211; upami\u0119tnienie odzyskania przez Polsk\u0119 niepodleg\u0142o\u015bci w 1918 roku, po 123 latach zabor\u00f3w<\/mark>.\u00a0<\/p>\n\n\n\n<p><\/p>\n","protected":false},"excerpt":{"rendered":"<p>W ramach szkolnych obchod\u00f3w \u015awi\u0119ta Niepodleg\u0142o\u015bci wys\u0142uchali\u015bmy recitalu pie\u015bni \u017co\u0142nierskich i patriotycznych przygotowanego przez szkolny zesp\u00f3\u0142 wokalny prowadzony przez Pani\u0105 Mart\u0119 Soko\u0142owsk\u0105. M\u0142odzie\u017c wykona\u0142a&#8230; &nbsp; <a href=\"https:\/\/www.zspswiecie.pl\/index.php\/2024\/11\/narodowe-swieto-niepodleglosci-4\/\" class=\"moretag\">Wi\u0119cej&#8230;<\/a><\/p>\n","protected":false},"author":2,"featured_media":14174,"comment_status":"closed","ping_status":"open","sticky":false,"template":"","format":"standard","meta":{"footnotes":""},"categories":[5],"tags":[],"class_list":["post-14172","post","type-post","status-publish","format-standard","has-post-thumbnail","hentry","category-informacje"],"yoast_head":"<!-- This site is optimized with the Yoast SEO plugin v26.8 - https:\/\/yoast.com\/product\/yoast-seo-wordpress\/ -->\n<title>NARODOWE \u015aWI\u0118TO NIEPODLEG\u0141O\u015aCI - ZSP<\/title>\n<meta name=\"robots\" content=\"index, follow, max-snippet:-1, max-image-preview:large, max-video-preview:-1\" \/>\n<link rel=\"canonical\" href=\"https:\/\/www.zspswiecie.pl\/index.php\/2024\/11\/narodowe-swieto-niepodleglosci-4\/\" \/>\n<meta property=\"og:locale\" content=\"pl_PL\" \/>\n<meta property=\"og:type\" content=\"article\" \/>\n<meta property=\"og:title\" content=\"NARODOWE \u015aWI\u0118TO NIEPODLEG\u0141O\u015aCI - ZSP\" \/>\n<meta property=\"og:description\" content=\"W ramach szkolnych obchod\u00f3w \u015awi\u0119ta Niepodleg\u0142o\u015bci wys\u0142uchali\u015bmy recitalu pie\u015bni \u017co\u0142nierskich i patriotycznych przygotowanego przez szkolny zesp\u00f3\u0142 wokalny prowadzony przez Pani\u0105 Mart\u0119 Soko\u0142owsk\u0105. M\u0142odzie\u017c wykona\u0142a... &nbsp; Wi\u0119cej...\" \/>\n<meta property=\"og:url\" content=\"https:\/\/www.zspswiecie.pl\/index.php\/2024\/11\/narodowe-swieto-niepodleglosci-4\/\" \/>\n<meta property=\"og:site_name\" content=\"ZSP\" \/>\n<meta property=\"article:publisher\" content=\"https:\/\/www.facebook.com\/people\/Zesp-Szk-Ponadpodstawowych-w-wieciu\/100057638830230\/\" \/>\n<meta property=\"article:published_time\" content=\"2024-11-10T14:18:43+00:00\" \/>\n<meta property=\"article:modified_time\" content=\"2024-11-10T14:49:43+00:00\" \/>\n<meta property=\"og:image\" content=\"https:\/\/www.zspswiecie.pl\/wp-content\/uploads\/2024\/11\/1731244876892.jpg\" \/>\n\t<meta property=\"og:image:width\" content=\"1442\" \/>\n\t<meta property=\"og:image:height\" content=\"900\" \/>\n\t<meta property=\"og:image:type\" content=\"image\/jpeg\" \/>\n<meta name=\"author\" content=\"Katarzyna\" \/>\n<meta name=\"twitter:label1\" content=\"Napisane przez\" \/>\n\t<meta name=\"twitter:data1\" content=\"Katarzyna\" \/>\n\t<meta name=\"twitter:label2\" content=\"Szacowany czas czytania\" \/>\n\t<meta name=\"twitter:data2\" content=\"2 minuty\" \/>\n<script type=\"application\/ld+json\" class=\"yoast-schema-graph\">{\"@context\":\"https:\/\/schema.org\",\"@graph\":[{\"@type\":\"Article\",\"@id\":\"https:\/\/www.zspswiecie.pl\/index.php\/2024\/11\/narodowe-swieto-niepodleglosci-4\/#article\",\"isPartOf\":{\"@id\":\"https:\/\/www.zspswiecie.pl\/index.php\/2024\/11\/narodowe-swieto-niepodleglosci-4\/\"},\"author\":{\"name\":\"Katarzyna\",\"@id\":\"https:\/\/www.zspswiecie.pl\/#\/schema\/person\/e02da1ef6b75bbd4043bfa50e22d5976\"},\"headline\":\"NARODOWE \u015aWI\u0118TO NIEPODLEG\u0141O\u015aCI\",\"datePublished\":\"2024-11-10T14:18:43+00:00\",\"dateModified\":\"2024-11-10T14:49:43+00:00\",\"mainEntityOfPage\":{\"@id\":\"https:\/\/www.zspswiecie.pl\/index.php\/2024\/11\/narodowe-swieto-niepodleglosci-4\/\"},\"wordCount\":132,\"publisher\":{\"@id\":\"https:\/\/www.zspswiecie.pl\/#organization\"},\"image\":{\"@id\":\"https:\/\/www.zspswiecie.pl\/index.php\/2024\/11\/narodowe-swieto-niepodleglosci-4\/#primaryimage\"},\"thumbnailUrl\":\"https:\/\/www.zspswiecie.pl\/wp-content\/uploads\/2024\/11\/1731244876892.jpg\",\"articleSection\":[\"Informacje\"],\"inLanguage\":\"pl-PL\"},{\"@type\":\"WebPage\",\"@id\":\"https:\/\/www.zspswiecie.pl\/index.php\/2024\/11\/narodowe-swieto-niepodleglosci-4\/\",\"url\":\"https:\/\/www.zspswiecie.pl\/index.php\/2024\/11\/narodowe-swieto-niepodleglosci-4\/\",\"name\":\"NARODOWE \u015aWI\u0118TO NIEPODLEG\u0141O\u015aCI - ZSP\",\"isPartOf\":{\"@id\":\"https:\/\/www.zspswiecie.pl\/#website\"},\"primaryImageOfPage\":{\"@id\":\"https:\/\/www.zspswiecie.pl\/index.php\/2024\/11\/narodowe-swieto-niepodleglosci-4\/#primaryimage\"},\"image\":{\"@id\":\"https:\/\/www.zspswiecie.pl\/index.php\/2024\/11\/narodowe-swieto-niepodleglosci-4\/#primaryimage\"},\"thumbnailUrl\":\"https:\/\/www.zspswiecie.pl\/wp-content\/uploads\/2024\/11\/1731244876892.jpg\",\"datePublished\":\"2024-11-10T14:18:43+00:00\",\"dateModified\":\"2024-11-10T14:49:43+00:00\",\"breadcrumb\":{\"@id\":\"https:\/\/www.zspswiecie.pl\/index.php\/2024\/11\/narodowe-swieto-niepodleglosci-4\/#breadcrumb\"},\"inLanguage\":\"pl-PL\",\"potentialAction\":[{\"@type\":\"ReadAction\",\"target\":[\"https:\/\/www.zspswiecie.pl\/index.php\/2024\/11\/narodowe-swieto-niepodleglosci-4\/\"]}]},{\"@type\":\"ImageObject\",\"inLanguage\":\"pl-PL\",\"@id\":\"https:\/\/www.zspswiecie.pl\/index.php\/2024\/11\/narodowe-swieto-niepodleglosci-4\/#primaryimage\",\"url\":\"https:\/\/www.zspswiecie.pl\/wp-content\/uploads\/2024\/11\/1731244876892.jpg\",\"contentUrl\":\"https:\/\/www.zspswiecie.pl\/wp-content\/uploads\/2024\/11\/1731244876892.jpg\",\"width\":1442,\"height\":900},{\"@type\":\"BreadcrumbList\",\"@id\":\"https:\/\/www.zspswiecie.pl\/index.php\/2024\/11\/narodowe-swieto-niepodleglosci-4\/#breadcrumb\",\"itemListElement\":[{\"@type\":\"ListItem\",\"position\":1,\"name\":\"Strona g\u0142\u00f3wna\",\"item\":\"https:\/\/www.zspswiecie.pl\/index.php\/home\/strona-glowna\/\"},{\"@type\":\"ListItem\",\"position\":2,\"name\":\"NARODOWE \u015aWI\u0118TO NIEPODLEG\u0141O\u015aCI\"}]},{\"@type\":\"WebSite\",\"@id\":\"https:\/\/www.zspswiecie.pl\/#website\",\"url\":\"https:\/\/www.zspswiecie.pl\/\",\"name\":\"ZSP\",\"description\":\"Zesp\u00f3\u0142 Szk\u00f3\u0142 Ponadpodstawowych\",\"publisher\":{\"@id\":\"https:\/\/www.zspswiecie.pl\/#organization\"},\"potentialAction\":[{\"@type\":\"SearchAction\",\"target\":{\"@type\":\"EntryPoint\",\"urlTemplate\":\"https:\/\/www.zspswiecie.pl\/?s={search_term_string}\"},\"query-input\":{\"@type\":\"PropertyValueSpecification\",\"valueRequired\":true,\"valueName\":\"search_term_string\"}}],\"inLanguage\":\"pl-PL\"},{\"@type\":\"Organization\",\"@id\":\"https:\/\/www.zspswiecie.pl\/#organization\",\"name\":\"Zesp\u00f3\u0142 Szk\u00f3\u0142 Ponadpodstawowych\",\"url\":\"https:\/\/www.zspswiecie.pl\/\",\"logo\":{\"@type\":\"ImageObject\",\"inLanguage\":\"pl-PL\",\"@id\":\"https:\/\/www.zspswiecie.pl\/#\/schema\/logo\/image\/\",\"url\":\"http:\/\/www.zspswiecie.pl\/wp-content\/uploads\/2016\/03\/logo-zsp2.png\",\"contentUrl\":\"http:\/\/www.zspswiecie.pl\/wp-content\/uploads\/2016\/03\/logo-zsp2.png\",\"width\":449,\"height\":351,\"caption\":\"Zesp\u00f3\u0142 Szk\u00f3\u0142 Ponadpodstawowych\"},\"image\":{\"@id\":\"https:\/\/www.zspswiecie.pl\/#\/schema\/logo\/image\/\"},\"sameAs\":[\"https:\/\/www.facebook.com\/people\/Zesp-Szk-Ponadpodstawowych-w-wieciu\/100057638830230\/\"]},{\"@type\":\"Person\",\"@id\":\"https:\/\/www.zspswiecie.pl\/#\/schema\/person\/e02da1ef6b75bbd4043bfa50e22d5976\",\"name\":\"Katarzyna\",\"image\":{\"@type\":\"ImageObject\",\"inLanguage\":\"pl-PL\",\"@id\":\"https:\/\/www.zspswiecie.pl\/#\/schema\/person\/image\/\",\"url\":\"https:\/\/secure.gravatar.com\/avatar\/cecd50f696defba6d8269961136eef4639e8542bd8a188e5817d76f2e78de1c3?s=96&d=mm&r=g\",\"contentUrl\":\"https:\/\/secure.gravatar.com\/avatar\/cecd50f696defba6d8269961136eef4639e8542bd8a188e5817d76f2e78de1c3?s=96&d=mm&r=g\",\"caption\":\"Katarzyna\"},\"url\":\"https:\/\/www.zspswiecie.pl\/index.php\/author\/kasia_k\/\"}]}<\/script>\n<!-- \/ Yoast SEO plugin. -->","yoast_head_json":{"title":"NARODOWE \u015aWI\u0118TO NIEPODLEG\u0141O\u015aCI - ZSP","robots":{"index":"index","follow":"follow","max-snippet":"max-snippet:-1","max-image-preview":"max-image-preview:large","max-video-preview":"max-video-preview:-1"},"canonical":"https:\/\/www.zspswiecie.pl\/index.php\/2024\/11\/narodowe-swieto-niepodleglosci-4\/","og_locale":"pl_PL","og_type":"article","og_title":"NARODOWE \u015aWI\u0118TO NIEPODLEG\u0141O\u015aCI - ZSP","og_description":"W ramach szkolnych obchod\u00f3w \u015awi\u0119ta Niepodleg\u0142o\u015bci wys\u0142uchali\u015bmy recitalu pie\u015bni \u017co\u0142nierskich i patriotycznych przygotowanego przez szkolny zesp\u00f3\u0142 wokalny prowadzony przez Pani\u0105 Mart\u0119 Soko\u0142owsk\u0105. M\u0142odzie\u017c wykona\u0142a... &nbsp; Wi\u0119cej...","og_url":"https:\/\/www.zspswiecie.pl\/index.php\/2024\/11\/narodowe-swieto-niepodleglosci-4\/","og_site_name":"ZSP","article_publisher":"https:\/\/www.facebook.com\/people\/Zesp-Szk-Ponadpodstawowych-w-wieciu\/100057638830230\/","article_published_time":"2024-11-10T14:18:43+00:00","article_modified_time":"2024-11-10T14:49:43+00:00","og_image":[{"width":1442,"height":900,"url":"https:\/\/www.zspswiecie.pl\/wp-content\/uploads\/2024\/11\/1731244876892.jpg","type":"image\/jpeg"}],"author":"Katarzyna","twitter_misc":{"Napisane przez":"Katarzyna","Szacowany czas czytania":"2 minuty"},"schema":{"@context":"https:\/\/schema.org","@graph":[{"@type":"Article","@id":"https:\/\/www.zspswiecie.pl\/index.php\/2024\/11\/narodowe-swieto-niepodleglosci-4\/#article","isPartOf":{"@id":"https:\/\/www.zspswiecie.pl\/index.php\/2024\/11\/narodowe-swieto-niepodleglosci-4\/"},"author":{"name":"Katarzyna","@id":"https:\/\/www.zspswiecie.pl\/#\/schema\/person\/e02da1ef6b75bbd4043bfa50e22d5976"},"headline":"NARODOWE \u015aWI\u0118TO NIEPODLEG\u0141O\u015aCI","datePublished":"2024-11-10T14:18:43+00:00","dateModified":"2024-11-10T14:49:43+00:00","mainEntityOfPage":{"@id":"https:\/\/www.zspswiecie.pl\/index.php\/2024\/11\/narodowe-swieto-niepodleglosci-4\/"},"wordCount":132,"publisher":{"@id":"https:\/\/www.zspswiecie.pl\/#organization"},"image":{"@id":"https:\/\/www.zspswiecie.pl\/index.php\/2024\/11\/narodowe-swieto-niepodleglosci-4\/#primaryimage"},"thumbnailUrl":"https:\/\/www.zspswiecie.pl\/wp-content\/uploads\/2024\/11\/1731244876892.jpg","articleSection":["Informacje"],"inLanguage":"pl-PL"},{"@type":"WebPage","@id":"https:\/\/www.zspswiecie.pl\/index.php\/2024\/11\/narodowe-swieto-niepodleglosci-4\/","url":"https:\/\/www.zspswiecie.pl\/index.php\/2024\/11\/narodowe-swieto-niepodleglosci-4\/","name":"NARODOWE \u015aWI\u0118TO NIEPODLEG\u0141O\u015aCI - ZSP","isPartOf":{"@id":"https:\/\/www.zspswiecie.pl\/#website"},"primaryImageOfPage":{"@id":"https:\/\/www.zspswiecie.pl\/index.php\/2024\/11\/narodowe-swieto-niepodleglosci-4\/#primaryimage"},"image":{"@id":"https:\/\/www.zspswiecie.pl\/index.php\/2024\/11\/narodowe-swieto-niepodleglosci-4\/#primaryimage"},"thumbnailUrl":"https:\/\/www.zspswiecie.pl\/wp-content\/uploads\/2024\/11\/1731244876892.jpg","datePublished":"2024-11-10T14:18:43+00:00","dateModified":"2024-11-10T14:49:43+00:00","breadcrumb":{"@id":"https:\/\/www.zspswiecie.pl\/index.php\/2024\/11\/narodowe-swieto-niepodleglosci-4\/#breadcrumb"},"inLanguage":"pl-PL","potentialAction":[{"@type":"ReadAction","target":["https:\/\/www.zspswiecie.pl\/index.php\/2024\/11\/narodowe-swieto-niepodleglosci-4\/"]}]},{"@type":"ImageObject","inLanguage":"pl-PL","@id":"https:\/\/www.zspswiecie.pl\/index.php\/2024\/11\/narodowe-swieto-niepodleglosci-4\/#primaryimage","url":"https:\/\/www.zspswiecie.pl\/wp-content\/uploads\/2024\/11\/1731244876892.jpg","contentUrl":"https:\/\/www.zspswiecie.pl\/wp-content\/uploads\/2024\/11\/1731244876892.jpg","width":1442,"height":900},{"@type":"BreadcrumbList","@id":"https:\/\/www.zspswiecie.pl\/index.php\/2024\/11\/narodowe-swieto-niepodleglosci-4\/#breadcrumb","itemListElement":[{"@type":"ListItem","position":1,"name":"Strona g\u0142\u00f3wna","item":"https:\/\/www.zspswiecie.pl\/index.php\/home\/strona-glowna\/"},{"@type":"ListItem","position":2,"name":"NARODOWE \u015aWI\u0118TO NIEPODLEG\u0141O\u015aCI"}]},{"@type":"WebSite","@id":"https:\/\/www.zspswiecie.pl\/#website","url":"https:\/\/www.zspswiecie.pl\/","name":"ZSP","description":"Zesp\u00f3\u0142 Szk\u00f3\u0142 Ponadpodstawowych","publisher":{"@id":"https:\/\/www.zspswiecie.pl\/#organization"},"potentialAction":[{"@type":"SearchAction","target":{"@type":"EntryPoint","urlTemplate":"https:\/\/www.zspswiecie.pl\/?s={search_term_string}"},"query-input":{"@type":"PropertyValueSpecification","valueRequired":true,"valueName":"search_term_string"}}],"inLanguage":"pl-PL"},{"@type":"Organization","@id":"https:\/\/www.zspswiecie.pl\/#organization","name":"Zesp\u00f3\u0142 Szk\u00f3\u0142 Ponadpodstawowych","url":"https:\/\/www.zspswiecie.pl\/","logo":{"@type":"ImageObject","inLanguage":"pl-PL","@id":"https:\/\/www.zspswiecie.pl\/#\/schema\/logo\/image\/","url":"http:\/\/www.zspswiecie.pl\/wp-content\/uploads\/2016\/03\/logo-zsp2.png","contentUrl":"http:\/\/www.zspswiecie.pl\/wp-content\/uploads\/2016\/03\/logo-zsp2.png","width":449,"height":351,"caption":"Zesp\u00f3\u0142 Szk\u00f3\u0142 Ponadpodstawowych"},"image":{"@id":"https:\/\/www.zspswiecie.pl\/#\/schema\/logo\/image\/"},"sameAs":["https:\/\/www.facebook.com\/people\/Zesp-Szk-Ponadpodstawowych-w-wieciu\/100057638830230\/"]},{"@type":"Person","@id":"https:\/\/www.zspswiecie.pl\/#\/schema\/person\/e02da1ef6b75bbd4043bfa50e22d5976","name":"Katarzyna","image":{"@type":"ImageObject","inLanguage":"pl-PL","@id":"https:\/\/www.zspswiecie.pl\/#\/schema\/person\/image\/","url":"https:\/\/secure.gravatar.com\/avatar\/cecd50f696defba6d8269961136eef4639e8542bd8a188e5817d76f2e78de1c3?s=96&d=mm&r=g","contentUrl":"https:\/\/secure.gravatar.com\/avatar\/cecd50f696defba6d8269961136eef4639e8542bd8a188e5817d76f2e78de1c3?s=96&d=mm&r=g","caption":"Katarzyna"},"url":"https:\/\/www.zspswiecie.pl\/index.php\/author\/kasia_k\/"}]}},"_links":{"self":[{"href":"https:\/\/www.zspswiecie.pl\/index.php\/wp-json\/wp\/v2\/posts\/14172","targetHints":{"allow":["GET"]}}],"collection":[{"href":"https:\/\/www.zspswiecie.pl\/index.php\/wp-json\/wp\/v2\/posts"}],"about":[{"href":"https:\/\/www.zspswiecie.pl\/index.php\/wp-json\/wp\/v2\/types\/post"}],"author":[{"embeddable":true,"href":"https:\/\/www.zspswiecie.pl\/index.php\/wp-json\/wp\/v2\/users\/2"}],"replies":[{"embeddable":true,"href":"https:\/\/www.zspswiecie.pl\/index.php\/wp-json\/wp\/v2\/comments?post=14172"}],"version-history":[{"count":5,"href":"https:\/\/www.zspswiecie.pl\/index.php\/wp-json\/wp\/v2\/posts\/14172\/revisions"}],"predecessor-version":[{"id":14184,"href":"https:\/\/www.zspswiecie.pl\/index.php\/wp-json\/wp\/v2\/posts\/14172\/revisions\/14184"}],"wp:featuredmedia":[{"embeddable":true,"href":"https:\/\/www.zspswiecie.pl\/index.php\/wp-json\/wp\/v2\/media\/14174"}],"wp:attachment":[{"href":"https:\/\/www.zspswiecie.pl\/index.php\/wp-json\/wp\/v2\/media?parent=14172"}],"wp:term":[{"taxonomy":"category","embeddable":true,"href":"https:\/\/www.zspswiecie.pl\/index.php\/wp-json\/wp\/v2\/categories?post=14172"},{"taxonomy":"post_tag","embeddable":true,"href":"https:\/\/www.zspswiecie.pl\/index.php\/wp-json\/wp\/v2\/tags?post=14172"}],"curies":[{"name":"wp","href":"https:\/\/api.w.org\/{rel}","templated":true}]}}