{"id":12548,"date":"2023-11-16T13:27:21","date_gmt":"2023-11-16T12:27:21","guid":{"rendered":"http:\/\/www.zspswiecie.pl\/?p=12548"},"modified":"2023-11-16T13:27:23","modified_gmt":"2023-11-16T12:27:23","slug":"wycieczka-31","status":"publish","type":"post","link":"https:\/\/www.zspswiecie.pl\/index.php\/2023\/11\/wycieczka-31\/","title":{"rendered":"WYCIECZKA"},"content":{"rendered":"\n<p><mark style=\"background-color:rgba(0, 0, 0, 0)\" class=\"has-inline-color has-black-color\">15  listopada uczniowie klas I TIP i II TRMt\u00a0 pod opiek\u0105 Pa\u0144:\u00a0 Ma\u0142gorzaty Kami\u0144skiej, Beaty Suchomskiej i Karoliny Szmuc udali si\u0119 do Bydgoszczy. W Muzeum O\u015bwiaty wzi\u0119li udzia\u0142 w dw\u00f3ch ciekawych zaj\u0119ciach warsztatowych. Pierwsze przeprowadzi\u0142 pracownik Delegatury IPN w Bydgoszczy Pan Miros\u0142aw Sprenger a zwi\u0105zane by\u0142y z projektem p.n. &#8222;Polacy ratuj\u0105cy \u017byd\u00f3w w czasie II wojny \u015bwiatowej&#8221;. Drugie &#8211; Akademia Gier Logicznych &#8211; pozwoli\u0142y uczniom wykaza\u0107 si\u0119 inteligencj\u0105, b\u0142yskotliwo\u015bci\u0105 i strategicznym oraz logicznym\u00a0 my\u015bleniem w trakcie rozwi\u0105zywania r\u00f3\u017cnorakich \u0142amig\u0142\u00f3wek ( <em>mo\u017ce w\u015br\u00f3d nich s\u0105 nast\u0119pcy Mariana Rejewskiego<\/em>?). Po pracowitych zaj\u0119ciach uczniowie mieli\u00a0 mo\u017cliwo\u015b\u0107 kontemplacji prac wsp\u00f3\u0142czesnych artyst\u00f3w, m.in. Moniki Rak w Galerii Miejskiej bwa.<\/mark><\/p>\n\n\n\n<p><\/p>\n\n\n\n<p><\/p>\n\n\n\n<figure class=\"wp-block-image size-large\"><img loading=\"lazy\" decoding=\"async\" width=\"1200\" height=\"750\" src=\"https:\/\/www.zspswiecie.pl\/wp-content\/uploads\/2023\/11\/20231115_122232-1200x750.jpg\" alt=\"\" class=\"wp-image-12553\" srcset=\"https:\/\/www.zspswiecie.pl\/wp-content\/uploads\/2023\/11\/20231115_122232-1200x750.jpg 1200w, https:\/\/www.zspswiecie.pl\/wp-content\/uploads\/2023\/11\/20231115_122232-300x188.jpg 300w, https:\/\/www.zspswiecie.pl\/wp-content\/uploads\/2023\/11\/20231115_122232-768x480.jpg 768w, https:\/\/www.zspswiecie.pl\/wp-content\/uploads\/2023\/11\/20231115_122232-1536x960.jpg 1536w, https:\/\/www.zspswiecie.pl\/wp-content\/uploads\/2023\/11\/20231115_122232-2048x1280.jpg 2048w\" sizes=\"auto, (max-width: 1200px) 100vw, 1200px\" \/><\/figure>\n","protected":false},"excerpt":{"rendered":"<p>15 listopada uczniowie klas I TIP i II TRMt\u00a0 pod opiek\u0105 Pa\u0144:\u00a0 Ma\u0142gorzaty Kami\u0144skiej, Beaty Suchomskiej i Karoliny Szmuc udali si\u0119 do Bydgoszczy. W&#8230; &nbsp; <a href=\"https:\/\/www.zspswiecie.pl\/index.php\/2023\/11\/wycieczka-31\/\" class=\"moretag\">Wi\u0119cej&#8230;<\/a><\/p>\n","protected":false},"author":2,"featured_media":12552,"comment_status":"closed","ping_status":"open","sticky":false,"template":"","format":"standard","meta":{"footnotes":""},"categories":[5],"tags":[],"class_list":["post-12548","post","type-post","status-publish","format-standard","has-post-thumbnail","hentry","category-informacje"],"yoast_head":"<!-- This site is optimized with the Yoast SEO plugin v26.8 - https:\/\/yoast.com\/product\/yoast-seo-wordpress\/ -->\n<title>WYCIECZKA - ZSP<\/title>\n<meta name=\"robots\" content=\"index, follow, max-snippet:-1, max-image-preview:large, max-video-preview:-1\" \/>\n<link rel=\"canonical\" href=\"https:\/\/www.zspswiecie.pl\/index.php\/2023\/11\/wycieczka-31\/\" \/>\n<meta property=\"og:locale\" content=\"pl_PL\" \/>\n<meta property=\"og:type\" content=\"article\" \/>\n<meta property=\"og:title\" content=\"WYCIECZKA - ZSP\" \/>\n<meta property=\"og:description\" content=\"15 listopada uczniowie klas I TIP i II TRMt\u00a0 pod opiek\u0105 Pa\u0144:\u00a0 Ma\u0142gorzaty Kami\u0144skiej, Beaty Suchomskiej i Karoliny Szmuc udali si\u0119 do Bydgoszczy. W... &nbsp; Wi\u0119cej...\" \/>\n<meta property=\"og:url\" content=\"https:\/\/www.zspswiecie.pl\/index.php\/2023\/11\/wycieczka-31\/\" \/>\n<meta property=\"og:site_name\" content=\"ZSP\" \/>\n<meta property=\"article:publisher\" content=\"https:\/\/www.facebook.com\/people\/Zesp-Szk-Ponadpodstawowych-w-wieciu\/100057638830230\/\" \/>\n<meta property=\"article:published_time\" content=\"2023-11-16T12:27:21+00:00\" \/>\n<meta property=\"article:modified_time\" content=\"2023-11-16T12:27:23+00:00\" \/>\n<meta property=\"og:image\" content=\"https:\/\/www.zspswiecie.pl\/wp-content\/uploads\/2023\/11\/20231115_110231-scaled.jpg\" \/>\n\t<meta property=\"og:image:width\" content=\"2560\" \/>\n\t<meta property=\"og:image:height\" content=\"1600\" \/>\n\t<meta property=\"og:image:type\" content=\"image\/jpeg\" \/>\n<meta name=\"author\" content=\"Katarzyna\" \/>\n<meta name=\"twitter:label1\" content=\"Napisane przez\" \/>\n\t<meta name=\"twitter:data1\" content=\"Katarzyna\" \/>\n\t<meta name=\"twitter:label2\" content=\"Szacowany czas czytania\" \/>\n\t<meta name=\"twitter:data2\" content=\"1 minuta\" \/>\n<script type=\"application\/ld+json\" class=\"yoast-schema-graph\">{\"@context\":\"https:\/\/schema.org\",\"@graph\":[{\"@type\":\"Article\",\"@id\":\"https:\/\/www.zspswiecie.pl\/index.php\/2023\/11\/wycieczka-31\/#article\",\"isPartOf\":{\"@id\":\"https:\/\/www.zspswiecie.pl\/index.php\/2023\/11\/wycieczka-31\/\"},\"author\":{\"name\":\"Katarzyna\",\"@id\":\"https:\/\/www.zspswiecie.pl\/#\/schema\/person\/e02da1ef6b75bbd4043bfa50e22d5976\"},\"headline\":\"WYCIECZKA\",\"datePublished\":\"2023-11-16T12:27:21+00:00\",\"dateModified\":\"2023-11-16T12:27:23+00:00\",\"mainEntityOfPage\":{\"@id\":\"https:\/\/www.zspswiecie.pl\/index.php\/2023\/11\/wycieczka-31\/\"},\"wordCount\":131,\"publisher\":{\"@id\":\"https:\/\/www.zspswiecie.pl\/#organization\"},\"image\":{\"@id\":\"https:\/\/www.zspswiecie.pl\/index.php\/2023\/11\/wycieczka-31\/#primaryimage\"},\"thumbnailUrl\":\"https:\/\/www.zspswiecie.pl\/wp-content\/uploads\/2023\/11\/20231115_110231-scaled.jpg\",\"articleSection\":[\"Informacje\"],\"inLanguage\":\"pl-PL\"},{\"@type\":\"WebPage\",\"@id\":\"https:\/\/www.zspswiecie.pl\/index.php\/2023\/11\/wycieczka-31\/\",\"url\":\"https:\/\/www.zspswiecie.pl\/index.php\/2023\/11\/wycieczka-31\/\",\"name\":\"WYCIECZKA - ZSP\",\"isPartOf\":{\"@id\":\"https:\/\/www.zspswiecie.pl\/#website\"},\"primaryImageOfPage\":{\"@id\":\"https:\/\/www.zspswiecie.pl\/index.php\/2023\/11\/wycieczka-31\/#primaryimage\"},\"image\":{\"@id\":\"https:\/\/www.zspswiecie.pl\/index.php\/2023\/11\/wycieczka-31\/#primaryimage\"},\"thumbnailUrl\":\"https:\/\/www.zspswiecie.pl\/wp-content\/uploads\/2023\/11\/20231115_110231-scaled.jpg\",\"datePublished\":\"2023-11-16T12:27:21+00:00\",\"dateModified\":\"2023-11-16T12:27:23+00:00\",\"breadcrumb\":{\"@id\":\"https:\/\/www.zspswiecie.pl\/index.php\/2023\/11\/wycieczka-31\/#breadcrumb\"},\"inLanguage\":\"pl-PL\",\"potentialAction\":[{\"@type\":\"ReadAction\",\"target\":[\"https:\/\/www.zspswiecie.pl\/index.php\/2023\/11\/wycieczka-31\/\"]}]},{\"@type\":\"ImageObject\",\"inLanguage\":\"pl-PL\",\"@id\":\"https:\/\/www.zspswiecie.pl\/index.php\/2023\/11\/wycieczka-31\/#primaryimage\",\"url\":\"https:\/\/www.zspswiecie.pl\/wp-content\/uploads\/2023\/11\/20231115_110231-scaled.jpg\",\"contentUrl\":\"https:\/\/www.zspswiecie.pl\/wp-content\/uploads\/2023\/11\/20231115_110231-scaled.jpg\",\"width\":2560,\"height\":1600},{\"@type\":\"BreadcrumbList\",\"@id\":\"https:\/\/www.zspswiecie.pl\/index.php\/2023\/11\/wycieczka-31\/#breadcrumb\",\"itemListElement\":[{\"@type\":\"ListItem\",\"position\":1,\"name\":\"Strona g\u0142\u00f3wna\",\"item\":\"https:\/\/www.zspswiecie.pl\/index.php\/home\/strona-glowna\/\"},{\"@type\":\"ListItem\",\"position\":2,\"name\":\"WYCIECZKA\"}]},{\"@type\":\"WebSite\",\"@id\":\"https:\/\/www.zspswiecie.pl\/#website\",\"url\":\"https:\/\/www.zspswiecie.pl\/\",\"name\":\"ZSP\",\"description\":\"Zesp\u00f3\u0142 Szk\u00f3\u0142 Ponadpodstawowych\",\"publisher\":{\"@id\":\"https:\/\/www.zspswiecie.pl\/#organization\"},\"potentialAction\":[{\"@type\":\"SearchAction\",\"target\":{\"@type\":\"EntryPoint\",\"urlTemplate\":\"https:\/\/www.zspswiecie.pl\/?s={search_term_string}\"},\"query-input\":{\"@type\":\"PropertyValueSpecification\",\"valueRequired\":true,\"valueName\":\"search_term_string\"}}],\"inLanguage\":\"pl-PL\"},{\"@type\":\"Organization\",\"@id\":\"https:\/\/www.zspswiecie.pl\/#organization\",\"name\":\"Zesp\u00f3\u0142 Szk\u00f3\u0142 Ponadpodstawowych\",\"url\":\"https:\/\/www.zspswiecie.pl\/\",\"logo\":{\"@type\":\"ImageObject\",\"inLanguage\":\"pl-PL\",\"@id\":\"https:\/\/www.zspswiecie.pl\/#\/schema\/logo\/image\/\",\"url\":\"http:\/\/www.zspswiecie.pl\/wp-content\/uploads\/2016\/03\/logo-zsp2.png\",\"contentUrl\":\"http:\/\/www.zspswiecie.pl\/wp-content\/uploads\/2016\/03\/logo-zsp2.png\",\"width\":449,\"height\":351,\"caption\":\"Zesp\u00f3\u0142 Szk\u00f3\u0142 Ponadpodstawowych\"},\"image\":{\"@id\":\"https:\/\/www.zspswiecie.pl\/#\/schema\/logo\/image\/\"},\"sameAs\":[\"https:\/\/www.facebook.com\/people\/Zesp-Szk-Ponadpodstawowych-w-wieciu\/100057638830230\/\"]},{\"@type\":\"Person\",\"@id\":\"https:\/\/www.zspswiecie.pl\/#\/schema\/person\/e02da1ef6b75bbd4043bfa50e22d5976\",\"name\":\"Katarzyna\",\"image\":{\"@type\":\"ImageObject\",\"inLanguage\":\"pl-PL\",\"@id\":\"https:\/\/www.zspswiecie.pl\/#\/schema\/person\/image\/\",\"url\":\"https:\/\/secure.gravatar.com\/avatar\/cecd50f696defba6d8269961136eef4639e8542bd8a188e5817d76f2e78de1c3?s=96&d=mm&r=g\",\"contentUrl\":\"https:\/\/secure.gravatar.com\/avatar\/cecd50f696defba6d8269961136eef4639e8542bd8a188e5817d76f2e78de1c3?s=96&d=mm&r=g\",\"caption\":\"Katarzyna\"},\"url\":\"https:\/\/www.zspswiecie.pl\/index.php\/author\/kasia_k\/\"}]}<\/script>\n<!-- \/ Yoast SEO plugin. -->","yoast_head_json":{"title":"WYCIECZKA - ZSP","robots":{"index":"index","follow":"follow","max-snippet":"max-snippet:-1","max-image-preview":"max-image-preview:large","max-video-preview":"max-video-preview:-1"},"canonical":"https:\/\/www.zspswiecie.pl\/index.php\/2023\/11\/wycieczka-31\/","og_locale":"pl_PL","og_type":"article","og_title":"WYCIECZKA - ZSP","og_description":"15 listopada uczniowie klas I TIP i II TRMt\u00a0 pod opiek\u0105 Pa\u0144:\u00a0 Ma\u0142gorzaty Kami\u0144skiej, Beaty Suchomskiej i Karoliny Szmuc udali si\u0119 do Bydgoszczy. W... &nbsp; Wi\u0119cej...","og_url":"https:\/\/www.zspswiecie.pl\/index.php\/2023\/11\/wycieczka-31\/","og_site_name":"ZSP","article_publisher":"https:\/\/www.facebook.com\/people\/Zesp-Szk-Ponadpodstawowych-w-wieciu\/100057638830230\/","article_published_time":"2023-11-16T12:27:21+00:00","article_modified_time":"2023-11-16T12:27:23+00:00","og_image":[{"width":2560,"height":1600,"url":"https:\/\/www.zspswiecie.pl\/wp-content\/uploads\/2023\/11\/20231115_110231-scaled.jpg","type":"image\/jpeg"}],"author":"Katarzyna","twitter_misc":{"Napisane przez":"Katarzyna","Szacowany czas czytania":"1 minuta"},"schema":{"@context":"https:\/\/schema.org","@graph":[{"@type":"Article","@id":"https:\/\/www.zspswiecie.pl\/index.php\/2023\/11\/wycieczka-31\/#article","isPartOf":{"@id":"https:\/\/www.zspswiecie.pl\/index.php\/2023\/11\/wycieczka-31\/"},"author":{"name":"Katarzyna","@id":"https:\/\/www.zspswiecie.pl\/#\/schema\/person\/e02da1ef6b75bbd4043bfa50e22d5976"},"headline":"WYCIECZKA","datePublished":"2023-11-16T12:27:21+00:00","dateModified":"2023-11-16T12:27:23+00:00","mainEntityOfPage":{"@id":"https:\/\/www.zspswiecie.pl\/index.php\/2023\/11\/wycieczka-31\/"},"wordCount":131,"publisher":{"@id":"https:\/\/www.zspswiecie.pl\/#organization"},"image":{"@id":"https:\/\/www.zspswiecie.pl\/index.php\/2023\/11\/wycieczka-31\/#primaryimage"},"thumbnailUrl":"https:\/\/www.zspswiecie.pl\/wp-content\/uploads\/2023\/11\/20231115_110231-scaled.jpg","articleSection":["Informacje"],"inLanguage":"pl-PL"},{"@type":"WebPage","@id":"https:\/\/www.zspswiecie.pl\/index.php\/2023\/11\/wycieczka-31\/","url":"https:\/\/www.zspswiecie.pl\/index.php\/2023\/11\/wycieczka-31\/","name":"WYCIECZKA - ZSP","isPartOf":{"@id":"https:\/\/www.zspswiecie.pl\/#website"},"primaryImageOfPage":{"@id":"https:\/\/www.zspswiecie.pl\/index.php\/2023\/11\/wycieczka-31\/#primaryimage"},"image":{"@id":"https:\/\/www.zspswiecie.pl\/index.php\/2023\/11\/wycieczka-31\/#primaryimage"},"thumbnailUrl":"https:\/\/www.zspswiecie.pl\/wp-content\/uploads\/2023\/11\/20231115_110231-scaled.jpg","datePublished":"2023-11-16T12:27:21+00:00","dateModified":"2023-11-16T12:27:23+00:00","breadcrumb":{"@id":"https:\/\/www.zspswiecie.pl\/index.php\/2023\/11\/wycieczka-31\/#breadcrumb"},"inLanguage":"pl-PL","potentialAction":[{"@type":"ReadAction","target":["https:\/\/www.zspswiecie.pl\/index.php\/2023\/11\/wycieczka-31\/"]}]},{"@type":"ImageObject","inLanguage":"pl-PL","@id":"https:\/\/www.zspswiecie.pl\/index.php\/2023\/11\/wycieczka-31\/#primaryimage","url":"https:\/\/www.zspswiecie.pl\/wp-content\/uploads\/2023\/11\/20231115_110231-scaled.jpg","contentUrl":"https:\/\/www.zspswiecie.pl\/wp-content\/uploads\/2023\/11\/20231115_110231-scaled.jpg","width":2560,"height":1600},{"@type":"BreadcrumbList","@id":"https:\/\/www.zspswiecie.pl\/index.php\/2023\/11\/wycieczka-31\/#breadcrumb","itemListElement":[{"@type":"ListItem","position":1,"name":"Strona g\u0142\u00f3wna","item":"https:\/\/www.zspswiecie.pl\/index.php\/home\/strona-glowna\/"},{"@type":"ListItem","position":2,"name":"WYCIECZKA"}]},{"@type":"WebSite","@id":"https:\/\/www.zspswiecie.pl\/#website","url":"https:\/\/www.zspswiecie.pl\/","name":"ZSP","description":"Zesp\u00f3\u0142 Szk\u00f3\u0142 Ponadpodstawowych","publisher":{"@id":"https:\/\/www.zspswiecie.pl\/#organization"},"potentialAction":[{"@type":"SearchAction","target":{"@type":"EntryPoint","urlTemplate":"https:\/\/www.zspswiecie.pl\/?s={search_term_string}"},"query-input":{"@type":"PropertyValueSpecification","valueRequired":true,"valueName":"search_term_string"}}],"inLanguage":"pl-PL"},{"@type":"Organization","@id":"https:\/\/www.zspswiecie.pl\/#organization","name":"Zesp\u00f3\u0142 Szk\u00f3\u0142 Ponadpodstawowych","url":"https:\/\/www.zspswiecie.pl\/","logo":{"@type":"ImageObject","inLanguage":"pl-PL","@id":"https:\/\/www.zspswiecie.pl\/#\/schema\/logo\/image\/","url":"http:\/\/www.zspswiecie.pl\/wp-content\/uploads\/2016\/03\/logo-zsp2.png","contentUrl":"http:\/\/www.zspswiecie.pl\/wp-content\/uploads\/2016\/03\/logo-zsp2.png","width":449,"height":351,"caption":"Zesp\u00f3\u0142 Szk\u00f3\u0142 Ponadpodstawowych"},"image":{"@id":"https:\/\/www.zspswiecie.pl\/#\/schema\/logo\/image\/"},"sameAs":["https:\/\/www.facebook.com\/people\/Zesp-Szk-Ponadpodstawowych-w-wieciu\/100057638830230\/"]},{"@type":"Person","@id":"https:\/\/www.zspswiecie.pl\/#\/schema\/person\/e02da1ef6b75bbd4043bfa50e22d5976","name":"Katarzyna","image":{"@type":"ImageObject","inLanguage":"pl-PL","@id":"https:\/\/www.zspswiecie.pl\/#\/schema\/person\/image\/","url":"https:\/\/secure.gravatar.com\/avatar\/cecd50f696defba6d8269961136eef4639e8542bd8a188e5817d76f2e78de1c3?s=96&d=mm&r=g","contentUrl":"https:\/\/secure.gravatar.com\/avatar\/cecd50f696defba6d8269961136eef4639e8542bd8a188e5817d76f2e78de1c3?s=96&d=mm&r=g","caption":"Katarzyna"},"url":"https:\/\/www.zspswiecie.pl\/index.php\/author\/kasia_k\/"}]}},"_links":{"self":[{"href":"https:\/\/www.zspswiecie.pl\/index.php\/wp-json\/wp\/v2\/posts\/12548","targetHints":{"allow":["GET"]}}],"collection":[{"href":"https:\/\/www.zspswiecie.pl\/index.php\/wp-json\/wp\/v2\/posts"}],"about":[{"href":"https:\/\/www.zspswiecie.pl\/index.php\/wp-json\/wp\/v2\/types\/post"}],"author":[{"embeddable":true,"href":"https:\/\/www.zspswiecie.pl\/index.php\/wp-json\/wp\/v2\/users\/2"}],"replies":[{"embeddable":true,"href":"https:\/\/www.zspswiecie.pl\/index.php\/wp-json\/wp\/v2\/comments?post=12548"}],"version-history":[{"count":1,"href":"https:\/\/www.zspswiecie.pl\/index.php\/wp-json\/wp\/v2\/posts\/12548\/revisions"}],"predecessor-version":[{"id":12554,"href":"https:\/\/www.zspswiecie.pl\/index.php\/wp-json\/wp\/v2\/posts\/12548\/revisions\/12554"}],"wp:featuredmedia":[{"embeddable":true,"href":"https:\/\/www.zspswiecie.pl\/index.php\/wp-json\/wp\/v2\/media\/12552"}],"wp:attachment":[{"href":"https:\/\/www.zspswiecie.pl\/index.php\/wp-json\/wp\/v2\/media?parent=12548"}],"wp:term":[{"taxonomy":"category","embeddable":true,"href":"https:\/\/www.zspswiecie.pl\/index.php\/wp-json\/wp\/v2\/categories?post=12548"},{"taxonomy":"post_tag","embeddable":true,"href":"https:\/\/www.zspswiecie.pl\/index.php\/wp-json\/wp\/v2\/tags?post=12548"}],"curies":[{"name":"wp","href":"https:\/\/api.w.org\/{rel}","templated":true}]}}