{"id":12408,"date":"2023-09-27T22:33:58","date_gmt":"2023-09-27T20:33:58","guid":{"rendered":"http:\/\/www.zspswiecie.pl\/?p=12408"},"modified":"2023-09-29T22:35:34","modified_gmt":"2023-09-29T20:35:34","slug":"powitanie-klas-pierwszych-6","status":"publish","type":"post","link":"https:\/\/www.zspswiecie.pl\/index.php\/2023\/09\/powitanie-klas-pierwszych-6\/","title":{"rendered":"POWITANIE KLAS PIERWSZYCH"},"content":{"rendered":"\n<p><mark style=\"background-color:rgba(0, 0, 0, 0)\" class=\"has-inline-color has-black-color\">26 wrze\u015bnia &#8211; oficjalnie uczniowie klas pierwszych zostali przyj\u0119ci do grona spo\u0142eczno\u015bci szkolnej. W obecno\u015bci starszych klas i nauczycieli, przedstawiciele klas pierwszych, z\u0142o\u017cyli uroczyste \u015blubowanie.Klasy podczas przemarszu mog\u0142y zaprezentowa\u0107 swoje profile wybranych zawod\u00f3w.<\/mark><\/p>\n\n\n\n<p><mark style=\"background-color:rgba(0, 0, 0, 0)\" class=\"has-inline-color has-black-color\">Spos\u00f3b przygotowania i zaanga\u017cowania m\u0142odzie\u017cy oceniane by\u0142o przez jurry w sk\u0142adzie: Pan dyrektor Pawe\u0142 Felczykowski, Pani Karolina Znaniecka oraz uczennice Natalia Siwicka z 3 TER i Paulina Dziennik z 3 THo\u017b. W tej konkurencji najlepsze okaza\u0142y si\u0119 klasy 1 TL, 1 T\u017b i 1 TE z 1 TMt (r\u00f3wna ilo\u015b\u0107 punkt\u00f3w). Kolejnym etapem by\u0142y konkurencje sportowe.<\/mark><\/p>\n\n\n\n<p><mark style=\"background-color:rgba(0, 0, 0, 0)\" class=\"has-inline-color has-black-color\">Najlepsz\u0105 klas\u0105 okaza\u0142a si\u0119 klasa 1 T\u017b a drugie miejsce (r\u00f3\u017cnic\u0105 1 pkt.) uzyska\u0142a klsa 1 OPW. Na podium stan\u0119\u0142a r\u00f3wnie\u017c klasa 1 THoR plasuj\u0105c si\u0119 na 3 miejscu.<\/mark><\/p>\n\n\n\n<figure class=\"wp-block-image size-large\"><img loading=\"lazy\" decoding=\"async\" width=\"1200\" height=\"676\" src=\"https:\/\/www.zspswiecie.pl\/wp-content\/uploads\/2023\/09\/1695968840959-1200x676.jpg\" alt=\"\" class=\"wp-image-12409\" srcset=\"https:\/\/www.zspswiecie.pl\/wp-content\/uploads\/2023\/09\/1695968840959-1200x676.jpg 1200w, https:\/\/www.zspswiecie.pl\/wp-content\/uploads\/2023\/09\/1695968840959-300x169.jpg 300w, https:\/\/www.zspswiecie.pl\/wp-content\/uploads\/2023\/09\/1695968840959-768x433.jpg 768w, https:\/\/www.zspswiecie.pl\/wp-content\/uploads\/2023\/09\/1695968840959.jpg 1280w\" sizes=\"auto, (max-width: 1200px) 100vw, 1200px\" \/><\/figure>\n\n\n\n<p><mark style=\"background-color:rgba(0, 0, 0, 0)\" class=\"has-inline-color has-black-color\">Klasy otrzyma\u0142y nagrody od Dyrektora dla ca\u0142ej klasy ufundowane z ramienia Rady Rodzic\u00f3w.<br><\/mark><br><\/p>\n","protected":false},"excerpt":{"rendered":"<p>26 wrze\u015bnia &#8211; oficjalnie uczniowie klas pierwszych zostali przyj\u0119ci do grona spo\u0142eczno\u015bci szkolnej. W obecno\u015bci starszych klas i nauczycieli, przedstawiciele klas pierwszych, z\u0142o\u017cyli uroczyste&#8230; &nbsp; <a href=\"https:\/\/www.zspswiecie.pl\/index.php\/2023\/09\/powitanie-klas-pierwszych-6\/\" class=\"moretag\">Wi\u0119cej&#8230;<\/a><\/p>\n","protected":false},"author":2,"featured_media":12410,"comment_status":"closed","ping_status":"open","sticky":false,"template":"","format":"standard","meta":{"footnotes":""},"categories":[5],"tags":[],"class_list":["post-12408","post","type-post","status-publish","format-standard","has-post-thumbnail","hentry","category-informacje"],"yoast_head":"<!-- This site is optimized with the Yoast SEO plugin v26.8 - https:\/\/yoast.com\/product\/yoast-seo-wordpress\/ -->\n<title>POWITANIE KLAS PIERWSZYCH - ZSP<\/title>\n<meta name=\"robots\" content=\"index, follow, max-snippet:-1, max-image-preview:large, max-video-preview:-1\" \/>\n<link rel=\"canonical\" href=\"https:\/\/www.zspswiecie.pl\/index.php\/2023\/09\/powitanie-klas-pierwszych-6\/\" \/>\n<meta property=\"og:locale\" content=\"pl_PL\" \/>\n<meta property=\"og:type\" content=\"article\" \/>\n<meta property=\"og:title\" content=\"POWITANIE KLAS PIERWSZYCH - ZSP\" \/>\n<meta property=\"og:description\" content=\"26 wrze\u015bnia &#8211; oficjalnie uczniowie klas pierwszych zostali przyj\u0119ci do grona spo\u0142eczno\u015bci szkolnej. W obecno\u015bci starszych klas i nauczycieli, przedstawiciele klas pierwszych, z\u0142o\u017cyli uroczyste... &nbsp; Wi\u0119cej...\" \/>\n<meta property=\"og:url\" content=\"https:\/\/www.zspswiecie.pl\/index.php\/2023\/09\/powitanie-klas-pierwszych-6\/\" \/>\n<meta property=\"og:site_name\" content=\"ZSP\" \/>\n<meta property=\"article:publisher\" content=\"https:\/\/www.facebook.com\/people\/Zesp-Szk-Ponadpodstawowych-w-wieciu\/100057638830230\/\" \/>\n<meta property=\"article:published_time\" content=\"2023-09-27T20:33:58+00:00\" \/>\n<meta property=\"article:modified_time\" content=\"2023-09-29T20:35:34+00:00\" \/>\n<meta property=\"og:image\" content=\"https:\/\/www.zspswiecie.pl\/wp-content\/uploads\/2023\/09\/1695968867586.jpg\" \/>\n\t<meta property=\"og:image:width\" content=\"1152\" \/>\n\t<meta property=\"og:image:height\" content=\"720\" \/>\n\t<meta property=\"og:image:type\" content=\"image\/jpeg\" \/>\n<meta name=\"author\" content=\"Katarzyna\" \/>\n<meta name=\"twitter:label1\" content=\"Napisane przez\" \/>\n\t<meta name=\"twitter:data1\" content=\"Katarzyna\" \/>\n\t<meta name=\"twitter:label2\" content=\"Szacowany czas czytania\" \/>\n\t<meta name=\"twitter:data2\" content=\"1 minuta\" \/>\n<script type=\"application\/ld+json\" class=\"yoast-schema-graph\">{\"@context\":\"https:\/\/schema.org\",\"@graph\":[{\"@type\":\"Article\",\"@id\":\"https:\/\/www.zspswiecie.pl\/index.php\/2023\/09\/powitanie-klas-pierwszych-6\/#article\",\"isPartOf\":{\"@id\":\"https:\/\/www.zspswiecie.pl\/index.php\/2023\/09\/powitanie-klas-pierwszych-6\/\"},\"author\":{\"name\":\"Katarzyna\",\"@id\":\"https:\/\/www.zspswiecie.pl\/#\/schema\/person\/e02da1ef6b75bbd4043bfa50e22d5976\"},\"headline\":\"POWITANIE KLAS PIERWSZYCH\",\"datePublished\":\"2023-09-27T20:33:58+00:00\",\"dateModified\":\"2023-09-29T20:35:34+00:00\",\"mainEntityOfPage\":{\"@id\":\"https:\/\/www.zspswiecie.pl\/index.php\/2023\/09\/powitanie-klas-pierwszych-6\/\"},\"wordCount\":151,\"publisher\":{\"@id\":\"https:\/\/www.zspswiecie.pl\/#organization\"},\"image\":{\"@id\":\"https:\/\/www.zspswiecie.pl\/index.php\/2023\/09\/powitanie-klas-pierwszych-6\/#primaryimage\"},\"thumbnailUrl\":\"https:\/\/www.zspswiecie.pl\/wp-content\/uploads\/2023\/09\/1695968867586.jpg\",\"articleSection\":[\"Informacje\"],\"inLanguage\":\"pl-PL\"},{\"@type\":\"WebPage\",\"@id\":\"https:\/\/www.zspswiecie.pl\/index.php\/2023\/09\/powitanie-klas-pierwszych-6\/\",\"url\":\"https:\/\/www.zspswiecie.pl\/index.php\/2023\/09\/powitanie-klas-pierwszych-6\/\",\"name\":\"POWITANIE KLAS PIERWSZYCH - ZSP\",\"isPartOf\":{\"@id\":\"https:\/\/www.zspswiecie.pl\/#website\"},\"primaryImageOfPage\":{\"@id\":\"https:\/\/www.zspswiecie.pl\/index.php\/2023\/09\/powitanie-klas-pierwszych-6\/#primaryimage\"},\"image\":{\"@id\":\"https:\/\/www.zspswiecie.pl\/index.php\/2023\/09\/powitanie-klas-pierwszych-6\/#primaryimage\"},\"thumbnailUrl\":\"https:\/\/www.zspswiecie.pl\/wp-content\/uploads\/2023\/09\/1695968867586.jpg\",\"datePublished\":\"2023-09-27T20:33:58+00:00\",\"dateModified\":\"2023-09-29T20:35:34+00:00\",\"breadcrumb\":{\"@id\":\"https:\/\/www.zspswiecie.pl\/index.php\/2023\/09\/powitanie-klas-pierwszych-6\/#breadcrumb\"},\"inLanguage\":\"pl-PL\",\"potentialAction\":[{\"@type\":\"ReadAction\",\"target\":[\"https:\/\/www.zspswiecie.pl\/index.php\/2023\/09\/powitanie-klas-pierwszych-6\/\"]}]},{\"@type\":\"ImageObject\",\"inLanguage\":\"pl-PL\",\"@id\":\"https:\/\/www.zspswiecie.pl\/index.php\/2023\/09\/powitanie-klas-pierwszych-6\/#primaryimage\",\"url\":\"https:\/\/www.zspswiecie.pl\/wp-content\/uploads\/2023\/09\/1695968867586.jpg\",\"contentUrl\":\"https:\/\/www.zspswiecie.pl\/wp-content\/uploads\/2023\/09\/1695968867586.jpg\",\"width\":1152,\"height\":720},{\"@type\":\"BreadcrumbList\",\"@id\":\"https:\/\/www.zspswiecie.pl\/index.php\/2023\/09\/powitanie-klas-pierwszych-6\/#breadcrumb\",\"itemListElement\":[{\"@type\":\"ListItem\",\"position\":1,\"name\":\"Strona g\u0142\u00f3wna\",\"item\":\"https:\/\/www.zspswiecie.pl\/index.php\/home\/strona-glowna\/\"},{\"@type\":\"ListItem\",\"position\":2,\"name\":\"POWITANIE KLAS PIERWSZYCH\"}]},{\"@type\":\"WebSite\",\"@id\":\"https:\/\/www.zspswiecie.pl\/#website\",\"url\":\"https:\/\/www.zspswiecie.pl\/\",\"name\":\"ZSP\",\"description\":\"Zesp\u00f3\u0142 Szk\u00f3\u0142 Ponadpodstawowych\",\"publisher\":{\"@id\":\"https:\/\/www.zspswiecie.pl\/#organization\"},\"potentialAction\":[{\"@type\":\"SearchAction\",\"target\":{\"@type\":\"EntryPoint\",\"urlTemplate\":\"https:\/\/www.zspswiecie.pl\/?s={search_term_string}\"},\"query-input\":{\"@type\":\"PropertyValueSpecification\",\"valueRequired\":true,\"valueName\":\"search_term_string\"}}],\"inLanguage\":\"pl-PL\"},{\"@type\":\"Organization\",\"@id\":\"https:\/\/www.zspswiecie.pl\/#organization\",\"name\":\"Zesp\u00f3\u0142 Szk\u00f3\u0142 Ponadpodstawowych\",\"url\":\"https:\/\/www.zspswiecie.pl\/\",\"logo\":{\"@type\":\"ImageObject\",\"inLanguage\":\"pl-PL\",\"@id\":\"https:\/\/www.zspswiecie.pl\/#\/schema\/logo\/image\/\",\"url\":\"http:\/\/www.zspswiecie.pl\/wp-content\/uploads\/2016\/03\/logo-zsp2.png\",\"contentUrl\":\"http:\/\/www.zspswiecie.pl\/wp-content\/uploads\/2016\/03\/logo-zsp2.png\",\"width\":449,\"height\":351,\"caption\":\"Zesp\u00f3\u0142 Szk\u00f3\u0142 Ponadpodstawowych\"},\"image\":{\"@id\":\"https:\/\/www.zspswiecie.pl\/#\/schema\/logo\/image\/\"},\"sameAs\":[\"https:\/\/www.facebook.com\/people\/Zesp-Szk-Ponadpodstawowych-w-wieciu\/100057638830230\/\"]},{\"@type\":\"Person\",\"@id\":\"https:\/\/www.zspswiecie.pl\/#\/schema\/person\/e02da1ef6b75bbd4043bfa50e22d5976\",\"name\":\"Katarzyna\",\"image\":{\"@type\":\"ImageObject\",\"inLanguage\":\"pl-PL\",\"@id\":\"https:\/\/www.zspswiecie.pl\/#\/schema\/person\/image\/\",\"url\":\"https:\/\/secure.gravatar.com\/avatar\/cecd50f696defba6d8269961136eef4639e8542bd8a188e5817d76f2e78de1c3?s=96&d=mm&r=g\",\"contentUrl\":\"https:\/\/secure.gravatar.com\/avatar\/cecd50f696defba6d8269961136eef4639e8542bd8a188e5817d76f2e78de1c3?s=96&d=mm&r=g\",\"caption\":\"Katarzyna\"},\"url\":\"https:\/\/www.zspswiecie.pl\/index.php\/author\/kasia_k\/\"}]}<\/script>\n<!-- \/ Yoast SEO plugin. -->","yoast_head_json":{"title":"POWITANIE KLAS PIERWSZYCH - ZSP","robots":{"index":"index","follow":"follow","max-snippet":"max-snippet:-1","max-image-preview":"max-image-preview:large","max-video-preview":"max-video-preview:-1"},"canonical":"https:\/\/www.zspswiecie.pl\/index.php\/2023\/09\/powitanie-klas-pierwszych-6\/","og_locale":"pl_PL","og_type":"article","og_title":"POWITANIE KLAS PIERWSZYCH - ZSP","og_description":"26 wrze\u015bnia &#8211; oficjalnie uczniowie klas pierwszych zostali przyj\u0119ci do grona spo\u0142eczno\u015bci szkolnej. W obecno\u015bci starszych klas i nauczycieli, przedstawiciele klas pierwszych, z\u0142o\u017cyli uroczyste... &nbsp; Wi\u0119cej...","og_url":"https:\/\/www.zspswiecie.pl\/index.php\/2023\/09\/powitanie-klas-pierwszych-6\/","og_site_name":"ZSP","article_publisher":"https:\/\/www.facebook.com\/people\/Zesp-Szk-Ponadpodstawowych-w-wieciu\/100057638830230\/","article_published_time":"2023-09-27T20:33:58+00:00","article_modified_time":"2023-09-29T20:35:34+00:00","og_image":[{"width":1152,"height":720,"url":"https:\/\/www.zspswiecie.pl\/wp-content\/uploads\/2023\/09\/1695968867586.jpg","type":"image\/jpeg"}],"author":"Katarzyna","twitter_misc":{"Napisane przez":"Katarzyna","Szacowany czas czytania":"1 minuta"},"schema":{"@context":"https:\/\/schema.org","@graph":[{"@type":"Article","@id":"https:\/\/www.zspswiecie.pl\/index.php\/2023\/09\/powitanie-klas-pierwszych-6\/#article","isPartOf":{"@id":"https:\/\/www.zspswiecie.pl\/index.php\/2023\/09\/powitanie-klas-pierwszych-6\/"},"author":{"name":"Katarzyna","@id":"https:\/\/www.zspswiecie.pl\/#\/schema\/person\/e02da1ef6b75bbd4043bfa50e22d5976"},"headline":"POWITANIE KLAS PIERWSZYCH","datePublished":"2023-09-27T20:33:58+00:00","dateModified":"2023-09-29T20:35:34+00:00","mainEntityOfPage":{"@id":"https:\/\/www.zspswiecie.pl\/index.php\/2023\/09\/powitanie-klas-pierwszych-6\/"},"wordCount":151,"publisher":{"@id":"https:\/\/www.zspswiecie.pl\/#organization"},"image":{"@id":"https:\/\/www.zspswiecie.pl\/index.php\/2023\/09\/powitanie-klas-pierwszych-6\/#primaryimage"},"thumbnailUrl":"https:\/\/www.zspswiecie.pl\/wp-content\/uploads\/2023\/09\/1695968867586.jpg","articleSection":["Informacje"],"inLanguage":"pl-PL"},{"@type":"WebPage","@id":"https:\/\/www.zspswiecie.pl\/index.php\/2023\/09\/powitanie-klas-pierwszych-6\/","url":"https:\/\/www.zspswiecie.pl\/index.php\/2023\/09\/powitanie-klas-pierwszych-6\/","name":"POWITANIE KLAS PIERWSZYCH - ZSP","isPartOf":{"@id":"https:\/\/www.zspswiecie.pl\/#website"},"primaryImageOfPage":{"@id":"https:\/\/www.zspswiecie.pl\/index.php\/2023\/09\/powitanie-klas-pierwszych-6\/#primaryimage"},"image":{"@id":"https:\/\/www.zspswiecie.pl\/index.php\/2023\/09\/powitanie-klas-pierwszych-6\/#primaryimage"},"thumbnailUrl":"https:\/\/www.zspswiecie.pl\/wp-content\/uploads\/2023\/09\/1695968867586.jpg","datePublished":"2023-09-27T20:33:58+00:00","dateModified":"2023-09-29T20:35:34+00:00","breadcrumb":{"@id":"https:\/\/www.zspswiecie.pl\/index.php\/2023\/09\/powitanie-klas-pierwszych-6\/#breadcrumb"},"inLanguage":"pl-PL","potentialAction":[{"@type":"ReadAction","target":["https:\/\/www.zspswiecie.pl\/index.php\/2023\/09\/powitanie-klas-pierwszych-6\/"]}]},{"@type":"ImageObject","inLanguage":"pl-PL","@id":"https:\/\/www.zspswiecie.pl\/index.php\/2023\/09\/powitanie-klas-pierwszych-6\/#primaryimage","url":"https:\/\/www.zspswiecie.pl\/wp-content\/uploads\/2023\/09\/1695968867586.jpg","contentUrl":"https:\/\/www.zspswiecie.pl\/wp-content\/uploads\/2023\/09\/1695968867586.jpg","width":1152,"height":720},{"@type":"BreadcrumbList","@id":"https:\/\/www.zspswiecie.pl\/index.php\/2023\/09\/powitanie-klas-pierwszych-6\/#breadcrumb","itemListElement":[{"@type":"ListItem","position":1,"name":"Strona g\u0142\u00f3wna","item":"https:\/\/www.zspswiecie.pl\/index.php\/home\/strona-glowna\/"},{"@type":"ListItem","position":2,"name":"POWITANIE KLAS PIERWSZYCH"}]},{"@type":"WebSite","@id":"https:\/\/www.zspswiecie.pl\/#website","url":"https:\/\/www.zspswiecie.pl\/","name":"ZSP","description":"Zesp\u00f3\u0142 Szk\u00f3\u0142 Ponadpodstawowych","publisher":{"@id":"https:\/\/www.zspswiecie.pl\/#organization"},"potentialAction":[{"@type":"SearchAction","target":{"@type":"EntryPoint","urlTemplate":"https:\/\/www.zspswiecie.pl\/?s={search_term_string}"},"query-input":{"@type":"PropertyValueSpecification","valueRequired":true,"valueName":"search_term_string"}}],"inLanguage":"pl-PL"},{"@type":"Organization","@id":"https:\/\/www.zspswiecie.pl\/#organization","name":"Zesp\u00f3\u0142 Szk\u00f3\u0142 Ponadpodstawowych","url":"https:\/\/www.zspswiecie.pl\/","logo":{"@type":"ImageObject","inLanguage":"pl-PL","@id":"https:\/\/www.zspswiecie.pl\/#\/schema\/logo\/image\/","url":"http:\/\/www.zspswiecie.pl\/wp-content\/uploads\/2016\/03\/logo-zsp2.png","contentUrl":"http:\/\/www.zspswiecie.pl\/wp-content\/uploads\/2016\/03\/logo-zsp2.png","width":449,"height":351,"caption":"Zesp\u00f3\u0142 Szk\u00f3\u0142 Ponadpodstawowych"},"image":{"@id":"https:\/\/www.zspswiecie.pl\/#\/schema\/logo\/image\/"},"sameAs":["https:\/\/www.facebook.com\/people\/Zesp-Szk-Ponadpodstawowych-w-wieciu\/100057638830230\/"]},{"@type":"Person","@id":"https:\/\/www.zspswiecie.pl\/#\/schema\/person\/e02da1ef6b75bbd4043bfa50e22d5976","name":"Katarzyna","image":{"@type":"ImageObject","inLanguage":"pl-PL","@id":"https:\/\/www.zspswiecie.pl\/#\/schema\/person\/image\/","url":"https:\/\/secure.gravatar.com\/avatar\/cecd50f696defba6d8269961136eef4639e8542bd8a188e5817d76f2e78de1c3?s=96&d=mm&r=g","contentUrl":"https:\/\/secure.gravatar.com\/avatar\/cecd50f696defba6d8269961136eef4639e8542bd8a188e5817d76f2e78de1c3?s=96&d=mm&r=g","caption":"Katarzyna"},"url":"https:\/\/www.zspswiecie.pl\/index.php\/author\/kasia_k\/"}]}},"_links":{"self":[{"href":"https:\/\/www.zspswiecie.pl\/index.php\/wp-json\/wp\/v2\/posts\/12408","targetHints":{"allow":["GET"]}}],"collection":[{"href":"https:\/\/www.zspswiecie.pl\/index.php\/wp-json\/wp\/v2\/posts"}],"about":[{"href":"https:\/\/www.zspswiecie.pl\/index.php\/wp-json\/wp\/v2\/types\/post"}],"author":[{"embeddable":true,"href":"https:\/\/www.zspswiecie.pl\/index.php\/wp-json\/wp\/v2\/users\/2"}],"replies":[{"embeddable":true,"href":"https:\/\/www.zspswiecie.pl\/index.php\/wp-json\/wp\/v2\/comments?post=12408"}],"version-history":[{"count":2,"href":"https:\/\/www.zspswiecie.pl\/index.php\/wp-json\/wp\/v2\/posts\/12408\/revisions"}],"predecessor-version":[{"id":12412,"href":"https:\/\/www.zspswiecie.pl\/index.php\/wp-json\/wp\/v2\/posts\/12408\/revisions\/12412"}],"wp:featuredmedia":[{"embeddable":true,"href":"https:\/\/www.zspswiecie.pl\/index.php\/wp-json\/wp\/v2\/media\/12410"}],"wp:attachment":[{"href":"https:\/\/www.zspswiecie.pl\/index.php\/wp-json\/wp\/v2\/media?parent=12408"}],"wp:term":[{"taxonomy":"category","embeddable":true,"href":"https:\/\/www.zspswiecie.pl\/index.php\/wp-json\/wp\/v2\/categories?post=12408"},{"taxonomy":"post_tag","embeddable":true,"href":"https:\/\/www.zspswiecie.pl\/index.php\/wp-json\/wp\/v2\/tags?post=12408"}],"curies":[{"name":"wp","href":"https:\/\/api.w.org\/{rel}","templated":true}]}}