{"id":12399,"date":"2023-09-28T06:54:58","date_gmt":"2023-09-28T04:54:58","guid":{"rendered":"http:\/\/www.zspswiecie.pl\/?p=12399"},"modified":"2023-09-28T09:19:46","modified_gmt":"2023-09-28T07:19:46","slug":"jablko","status":"publish","type":"post","link":"https:\/\/www.zspswiecie.pl\/index.php\/2023\/09\/jablko\/","title":{"rendered":"JAB\u0141KO"},"content":{"rendered":"\n<p><mark style=\"background-color:rgba(0, 0, 0, 0)\" class=\"has-inline-color has-black-color\">Dzisiaj jest 28 wrze\u015bnia, a to oznacza, \u017ce obchodzimy \u015awiatowy Dzie\u0144 Jab\u0142ka<\/mark>.<\/p>\n\n\n\n<p><mark style=\"background-color:rgba(0, 0, 0, 0)\" class=\"has-inline-color has-black-color\">\u015awiatowy Dzie\u0144 Jab\u0142ka ma swoje korzenie w Europie i zosta\u0142 ustanowiony \u00a021 pa\u017adziernika 1990 roku przez brytyjsk\u0105 organizacj\u0119 charytatywn\u0105 CommonGround. Dzie\u0144\u00a0jab\u0142ka mia\u0142\u00a0te\u017c odgrywa\u0107 wa\u017cn\u0105 rol\u0119 w podnoszeniu \u015bwiadomo\u015bci na temat \u017cywno\u015bci i pokazywa\u0107, jak bardzo potrzebujemy lokalnych produkt\u00f3w.\u00a0Przyj\u0119to dwie daty, kiedy obchodzi si\u0119 \u015awiatowy Dzie\u0144 Jab\u0142ka. Pierwsza\u00a0z nich to 28 wrze\u015bnia \u2013 obowi\u0105zuje ona w Polsce, druga za\u015b to\u00a021 pa\u017adziernika \u2013\u00a0wtedy \u015awiatowy Dzie\u0144 Jab\u0142ka obchodz\u0105 m.in. Amerykanie.<\/mark><\/p>\n\n\n\n<p><mark style=\"background-color:rgba(0, 0, 0, 0)\" class=\"has-inline-color has-black-color\">Ka\u017cdego dnia warto docenia\u0107 ten wyj\u0105tkowy owoc \u2013 jego w\u0142a\u015bciwo\u015bci zdrowotne oraz\u00a0wspania\u0142y smak.<\/mark><\/p>\n\n\n\n<p><mark style=\"background-color:rgba(0, 0, 0, 0)\" class=\"has-inline-color has-black-color\">Zapraszamy do wsp\u00f3lnej zabawy &#8222;Co wiesz na temat jab\u0142ek&#8221;?<\/mark><\/p>\n\n\n\n<ul class=\"wp-block-list\">\n<li><mark style=\"background-color:rgba(0, 0, 0, 0)\" class=\"has-inline-color has-black-color\">\u015bcianka kreatywna (przy sali 42)-mo\u017cna wykona\u0107 fotografi\u0119 i przes\u0142a\u0107 przez\u00a0 Messenger na szkolnego FB<\/mark><\/li>\n\n\n\n<li><mark style=\"background-color:rgba(0, 0, 0, 0)\" class=\"has-inline-color has-black-color\">\u015bwietlica szkolna w trakcie du\u017cej przerwy miejscem konkursu na temat jab\u0142ka<\/mark><\/li>\n\n\n\n<li><mark style=\"background-color:rgba(0, 0, 0, 0)\" class=\"has-inline-color has-black-color\">ankieta dla uczni\u00f3w i nauczycieli \u00a0na temat jab\u0142ka zamieszczona w Librusie<\/mark><\/li>\n<\/ul>\n\n\n\n<p><mark style=\"background-color:rgba(0, 0, 0, 0)\" class=\"has-inline-color has-black-color\">Z okazji \u015awiatowego Dnia Jab\u0142ka &#8211; NA ZDROWIE !!!<\/mark><\/p>\n\n\n\n<figure class=\"wp-block-image size-large\"><img loading=\"lazy\" decoding=\"async\" width=\"1200\" height=\"760\" src=\"https:\/\/www.zspswiecie.pl\/wp-content\/uploads\/2023\/09\/20230928_075605-1200x760.jpg\" alt=\"\" class=\"wp-image-12406\" srcset=\"https:\/\/www.zspswiecie.pl\/wp-content\/uploads\/2023\/09\/20230928_075605-1200x760.jpg 1200w, https:\/\/www.zspswiecie.pl\/wp-content\/uploads\/2023\/09\/20230928_075605-300x190.jpg 300w, https:\/\/www.zspswiecie.pl\/wp-content\/uploads\/2023\/09\/20230928_075605-768x486.jpg 768w, https:\/\/www.zspswiecie.pl\/wp-content\/uploads\/2023\/09\/20230928_075605-1536x972.jpg 1536w, https:\/\/www.zspswiecie.pl\/wp-content\/uploads\/2023\/09\/20230928_075605-2048x1296.jpg 2048w\" sizes=\"auto, (max-width: 1200px) 100vw, 1200px\" \/><\/figure>\n","protected":false},"excerpt":{"rendered":"<p>Dzisiaj jest 28 wrze\u015bnia, a to oznacza, \u017ce obchodzimy \u015awiatowy Dzie\u0144 Jab\u0142ka. \u015awiatowy Dzie\u0144 Jab\u0142ka ma swoje korzenie w Europie i zosta\u0142 ustanowiony \u00a021&#8230; &nbsp; <a href=\"https:\/\/www.zspswiecie.pl\/index.php\/2023\/09\/jablko\/\" class=\"moretag\">Wi\u0119cej&#8230;<\/a><\/p>\n","protected":false},"author":2,"featured_media":12404,"comment_status":"closed","ping_status":"open","sticky":false,"template":"","format":"standard","meta":{"footnotes":""},"categories":[5],"tags":[],"class_list":["post-12399","post","type-post","status-publish","format-standard","has-post-thumbnail","hentry","category-informacje"],"yoast_head":"<!-- This site is optimized with the Yoast SEO plugin v26.8 - https:\/\/yoast.com\/product\/yoast-seo-wordpress\/ -->\n<title>JAB\u0141KO - ZSP<\/title>\n<meta name=\"robots\" content=\"index, follow, max-snippet:-1, max-image-preview:large, max-video-preview:-1\" \/>\n<link rel=\"canonical\" href=\"https:\/\/www.zspswiecie.pl\/index.php\/2023\/09\/jablko\/\" \/>\n<meta property=\"og:locale\" content=\"pl_PL\" \/>\n<meta property=\"og:type\" content=\"article\" \/>\n<meta property=\"og:title\" content=\"JAB\u0141KO - ZSP\" \/>\n<meta property=\"og:description\" content=\"Dzisiaj jest 28 wrze\u015bnia, a to oznacza, \u017ce obchodzimy \u015awiatowy Dzie\u0144 Jab\u0142ka. \u015awiatowy Dzie\u0144 Jab\u0142ka ma swoje korzenie w Europie i zosta\u0142 ustanowiony \u00a021... &nbsp; Wi\u0119cej...\" \/>\n<meta property=\"og:url\" content=\"https:\/\/www.zspswiecie.pl\/index.php\/2023\/09\/jablko\/\" \/>\n<meta property=\"og:site_name\" content=\"ZSP\" \/>\n<meta property=\"article:publisher\" content=\"https:\/\/www.facebook.com\/people\/Zesp-Szk-Ponadpodstawowych-w-wieciu\/100057638830230\/\" \/>\n<meta property=\"article:published_time\" content=\"2023-09-28T04:54:58+00:00\" \/>\n<meta property=\"article:modified_time\" content=\"2023-09-28T07:19:46+00:00\" \/>\n<meta property=\"og:image\" content=\"https:\/\/www.zspswiecie.pl\/wp-content\/uploads\/2023\/09\/20230928_075410-scaled.jpg\" \/>\n\t<meta property=\"og:image:width\" content=\"2560\" \/>\n\t<meta property=\"og:image:height\" content=\"1600\" \/>\n\t<meta property=\"og:image:type\" content=\"image\/jpeg\" \/>\n<meta name=\"author\" content=\"Katarzyna\" \/>\n<meta name=\"twitter:label1\" content=\"Napisane przez\" \/>\n\t<meta name=\"twitter:data1\" content=\"Katarzyna\" \/>\n\t<meta name=\"twitter:label2\" content=\"Szacowany czas czytania\" \/>\n\t<meta name=\"twitter:data2\" content=\"2 minuty\" \/>\n<script type=\"application\/ld+json\" class=\"yoast-schema-graph\">{\"@context\":\"https:\/\/schema.org\",\"@graph\":[{\"@type\":\"Article\",\"@id\":\"https:\/\/www.zspswiecie.pl\/index.php\/2023\/09\/jablko\/#article\",\"isPartOf\":{\"@id\":\"https:\/\/www.zspswiecie.pl\/index.php\/2023\/09\/jablko\/\"},\"author\":{\"name\":\"Katarzyna\",\"@id\":\"https:\/\/www.zspswiecie.pl\/#\/schema\/person\/e02da1ef6b75bbd4043bfa50e22d5976\"},\"headline\":\"JAB\u0141KO\",\"datePublished\":\"2023-09-28T04:54:58+00:00\",\"dateModified\":\"2023-09-28T07:19:46+00:00\",\"mainEntityOfPage\":{\"@id\":\"https:\/\/www.zspswiecie.pl\/index.php\/2023\/09\/jablko\/\"},\"wordCount\":177,\"publisher\":{\"@id\":\"https:\/\/www.zspswiecie.pl\/#organization\"},\"image\":{\"@id\":\"https:\/\/www.zspswiecie.pl\/index.php\/2023\/09\/jablko\/#primaryimage\"},\"thumbnailUrl\":\"https:\/\/www.zspswiecie.pl\/wp-content\/uploads\/2023\/09\/20230928_075410-scaled.jpg\",\"articleSection\":[\"Informacje\"],\"inLanguage\":\"pl-PL\"},{\"@type\":\"WebPage\",\"@id\":\"https:\/\/www.zspswiecie.pl\/index.php\/2023\/09\/jablko\/\",\"url\":\"https:\/\/www.zspswiecie.pl\/index.php\/2023\/09\/jablko\/\",\"name\":\"JAB\u0141KO - ZSP\",\"isPartOf\":{\"@id\":\"https:\/\/www.zspswiecie.pl\/#website\"},\"primaryImageOfPage\":{\"@id\":\"https:\/\/www.zspswiecie.pl\/index.php\/2023\/09\/jablko\/#primaryimage\"},\"image\":{\"@id\":\"https:\/\/www.zspswiecie.pl\/index.php\/2023\/09\/jablko\/#primaryimage\"},\"thumbnailUrl\":\"https:\/\/www.zspswiecie.pl\/wp-content\/uploads\/2023\/09\/20230928_075410-scaled.jpg\",\"datePublished\":\"2023-09-28T04:54:58+00:00\",\"dateModified\":\"2023-09-28T07:19:46+00:00\",\"breadcrumb\":{\"@id\":\"https:\/\/www.zspswiecie.pl\/index.php\/2023\/09\/jablko\/#breadcrumb\"},\"inLanguage\":\"pl-PL\",\"potentialAction\":[{\"@type\":\"ReadAction\",\"target\":[\"https:\/\/www.zspswiecie.pl\/index.php\/2023\/09\/jablko\/\"]}]},{\"@type\":\"ImageObject\",\"inLanguage\":\"pl-PL\",\"@id\":\"https:\/\/www.zspswiecie.pl\/index.php\/2023\/09\/jablko\/#primaryimage\",\"url\":\"https:\/\/www.zspswiecie.pl\/wp-content\/uploads\/2023\/09\/20230928_075410-scaled.jpg\",\"contentUrl\":\"https:\/\/www.zspswiecie.pl\/wp-content\/uploads\/2023\/09\/20230928_075410-scaled.jpg\",\"width\":2560,\"height\":1600},{\"@type\":\"BreadcrumbList\",\"@id\":\"https:\/\/www.zspswiecie.pl\/index.php\/2023\/09\/jablko\/#breadcrumb\",\"itemListElement\":[{\"@type\":\"ListItem\",\"position\":1,\"name\":\"Strona g\u0142\u00f3wna\",\"item\":\"https:\/\/www.zspswiecie.pl\/index.php\/home\/strona-glowna\/\"},{\"@type\":\"ListItem\",\"position\":2,\"name\":\"JAB\u0141KO\"}]},{\"@type\":\"WebSite\",\"@id\":\"https:\/\/www.zspswiecie.pl\/#website\",\"url\":\"https:\/\/www.zspswiecie.pl\/\",\"name\":\"ZSP\",\"description\":\"Zesp\u00f3\u0142 Szk\u00f3\u0142 Ponadpodstawowych\",\"publisher\":{\"@id\":\"https:\/\/www.zspswiecie.pl\/#organization\"},\"potentialAction\":[{\"@type\":\"SearchAction\",\"target\":{\"@type\":\"EntryPoint\",\"urlTemplate\":\"https:\/\/www.zspswiecie.pl\/?s={search_term_string}\"},\"query-input\":{\"@type\":\"PropertyValueSpecification\",\"valueRequired\":true,\"valueName\":\"search_term_string\"}}],\"inLanguage\":\"pl-PL\"},{\"@type\":\"Organization\",\"@id\":\"https:\/\/www.zspswiecie.pl\/#organization\",\"name\":\"Zesp\u00f3\u0142 Szk\u00f3\u0142 Ponadpodstawowych\",\"url\":\"https:\/\/www.zspswiecie.pl\/\",\"logo\":{\"@type\":\"ImageObject\",\"inLanguage\":\"pl-PL\",\"@id\":\"https:\/\/www.zspswiecie.pl\/#\/schema\/logo\/image\/\",\"url\":\"http:\/\/www.zspswiecie.pl\/wp-content\/uploads\/2016\/03\/logo-zsp2.png\",\"contentUrl\":\"http:\/\/www.zspswiecie.pl\/wp-content\/uploads\/2016\/03\/logo-zsp2.png\",\"width\":449,\"height\":351,\"caption\":\"Zesp\u00f3\u0142 Szk\u00f3\u0142 Ponadpodstawowych\"},\"image\":{\"@id\":\"https:\/\/www.zspswiecie.pl\/#\/schema\/logo\/image\/\"},\"sameAs\":[\"https:\/\/www.facebook.com\/people\/Zesp-Szk-Ponadpodstawowych-w-wieciu\/100057638830230\/\"]},{\"@type\":\"Person\",\"@id\":\"https:\/\/www.zspswiecie.pl\/#\/schema\/person\/e02da1ef6b75bbd4043bfa50e22d5976\",\"name\":\"Katarzyna\",\"image\":{\"@type\":\"ImageObject\",\"inLanguage\":\"pl-PL\",\"@id\":\"https:\/\/www.zspswiecie.pl\/#\/schema\/person\/image\/\",\"url\":\"https:\/\/secure.gravatar.com\/avatar\/cecd50f696defba6d8269961136eef4639e8542bd8a188e5817d76f2e78de1c3?s=96&d=mm&r=g\",\"contentUrl\":\"https:\/\/secure.gravatar.com\/avatar\/cecd50f696defba6d8269961136eef4639e8542bd8a188e5817d76f2e78de1c3?s=96&d=mm&r=g\",\"caption\":\"Katarzyna\"},\"url\":\"https:\/\/www.zspswiecie.pl\/index.php\/author\/kasia_k\/\"}]}<\/script>\n<!-- \/ Yoast SEO plugin. -->","yoast_head_json":{"title":"JAB\u0141KO - ZSP","robots":{"index":"index","follow":"follow","max-snippet":"max-snippet:-1","max-image-preview":"max-image-preview:large","max-video-preview":"max-video-preview:-1"},"canonical":"https:\/\/www.zspswiecie.pl\/index.php\/2023\/09\/jablko\/","og_locale":"pl_PL","og_type":"article","og_title":"JAB\u0141KO - ZSP","og_description":"Dzisiaj jest 28 wrze\u015bnia, a to oznacza, \u017ce obchodzimy \u015awiatowy Dzie\u0144 Jab\u0142ka. \u015awiatowy Dzie\u0144 Jab\u0142ka ma swoje korzenie w Europie i zosta\u0142 ustanowiony \u00a021... &nbsp; Wi\u0119cej...","og_url":"https:\/\/www.zspswiecie.pl\/index.php\/2023\/09\/jablko\/","og_site_name":"ZSP","article_publisher":"https:\/\/www.facebook.com\/people\/Zesp-Szk-Ponadpodstawowych-w-wieciu\/100057638830230\/","article_published_time":"2023-09-28T04:54:58+00:00","article_modified_time":"2023-09-28T07:19:46+00:00","og_image":[{"width":2560,"height":1600,"url":"https:\/\/www.zspswiecie.pl\/wp-content\/uploads\/2023\/09\/20230928_075410-scaled.jpg","type":"image\/jpeg"}],"author":"Katarzyna","twitter_misc":{"Napisane przez":"Katarzyna","Szacowany czas czytania":"2 minuty"},"schema":{"@context":"https:\/\/schema.org","@graph":[{"@type":"Article","@id":"https:\/\/www.zspswiecie.pl\/index.php\/2023\/09\/jablko\/#article","isPartOf":{"@id":"https:\/\/www.zspswiecie.pl\/index.php\/2023\/09\/jablko\/"},"author":{"name":"Katarzyna","@id":"https:\/\/www.zspswiecie.pl\/#\/schema\/person\/e02da1ef6b75bbd4043bfa50e22d5976"},"headline":"JAB\u0141KO","datePublished":"2023-09-28T04:54:58+00:00","dateModified":"2023-09-28T07:19:46+00:00","mainEntityOfPage":{"@id":"https:\/\/www.zspswiecie.pl\/index.php\/2023\/09\/jablko\/"},"wordCount":177,"publisher":{"@id":"https:\/\/www.zspswiecie.pl\/#organization"},"image":{"@id":"https:\/\/www.zspswiecie.pl\/index.php\/2023\/09\/jablko\/#primaryimage"},"thumbnailUrl":"https:\/\/www.zspswiecie.pl\/wp-content\/uploads\/2023\/09\/20230928_075410-scaled.jpg","articleSection":["Informacje"],"inLanguage":"pl-PL"},{"@type":"WebPage","@id":"https:\/\/www.zspswiecie.pl\/index.php\/2023\/09\/jablko\/","url":"https:\/\/www.zspswiecie.pl\/index.php\/2023\/09\/jablko\/","name":"JAB\u0141KO - ZSP","isPartOf":{"@id":"https:\/\/www.zspswiecie.pl\/#website"},"primaryImageOfPage":{"@id":"https:\/\/www.zspswiecie.pl\/index.php\/2023\/09\/jablko\/#primaryimage"},"image":{"@id":"https:\/\/www.zspswiecie.pl\/index.php\/2023\/09\/jablko\/#primaryimage"},"thumbnailUrl":"https:\/\/www.zspswiecie.pl\/wp-content\/uploads\/2023\/09\/20230928_075410-scaled.jpg","datePublished":"2023-09-28T04:54:58+00:00","dateModified":"2023-09-28T07:19:46+00:00","breadcrumb":{"@id":"https:\/\/www.zspswiecie.pl\/index.php\/2023\/09\/jablko\/#breadcrumb"},"inLanguage":"pl-PL","potentialAction":[{"@type":"ReadAction","target":["https:\/\/www.zspswiecie.pl\/index.php\/2023\/09\/jablko\/"]}]},{"@type":"ImageObject","inLanguage":"pl-PL","@id":"https:\/\/www.zspswiecie.pl\/index.php\/2023\/09\/jablko\/#primaryimage","url":"https:\/\/www.zspswiecie.pl\/wp-content\/uploads\/2023\/09\/20230928_075410-scaled.jpg","contentUrl":"https:\/\/www.zspswiecie.pl\/wp-content\/uploads\/2023\/09\/20230928_075410-scaled.jpg","width":2560,"height":1600},{"@type":"BreadcrumbList","@id":"https:\/\/www.zspswiecie.pl\/index.php\/2023\/09\/jablko\/#breadcrumb","itemListElement":[{"@type":"ListItem","position":1,"name":"Strona g\u0142\u00f3wna","item":"https:\/\/www.zspswiecie.pl\/index.php\/home\/strona-glowna\/"},{"@type":"ListItem","position":2,"name":"JAB\u0141KO"}]},{"@type":"WebSite","@id":"https:\/\/www.zspswiecie.pl\/#website","url":"https:\/\/www.zspswiecie.pl\/","name":"ZSP","description":"Zesp\u00f3\u0142 Szk\u00f3\u0142 Ponadpodstawowych","publisher":{"@id":"https:\/\/www.zspswiecie.pl\/#organization"},"potentialAction":[{"@type":"SearchAction","target":{"@type":"EntryPoint","urlTemplate":"https:\/\/www.zspswiecie.pl\/?s={search_term_string}"},"query-input":{"@type":"PropertyValueSpecification","valueRequired":true,"valueName":"search_term_string"}}],"inLanguage":"pl-PL"},{"@type":"Organization","@id":"https:\/\/www.zspswiecie.pl\/#organization","name":"Zesp\u00f3\u0142 Szk\u00f3\u0142 Ponadpodstawowych","url":"https:\/\/www.zspswiecie.pl\/","logo":{"@type":"ImageObject","inLanguage":"pl-PL","@id":"https:\/\/www.zspswiecie.pl\/#\/schema\/logo\/image\/","url":"http:\/\/www.zspswiecie.pl\/wp-content\/uploads\/2016\/03\/logo-zsp2.png","contentUrl":"http:\/\/www.zspswiecie.pl\/wp-content\/uploads\/2016\/03\/logo-zsp2.png","width":449,"height":351,"caption":"Zesp\u00f3\u0142 Szk\u00f3\u0142 Ponadpodstawowych"},"image":{"@id":"https:\/\/www.zspswiecie.pl\/#\/schema\/logo\/image\/"},"sameAs":["https:\/\/www.facebook.com\/people\/Zesp-Szk-Ponadpodstawowych-w-wieciu\/100057638830230\/"]},{"@type":"Person","@id":"https:\/\/www.zspswiecie.pl\/#\/schema\/person\/e02da1ef6b75bbd4043bfa50e22d5976","name":"Katarzyna","image":{"@type":"ImageObject","inLanguage":"pl-PL","@id":"https:\/\/www.zspswiecie.pl\/#\/schema\/person\/image\/","url":"https:\/\/secure.gravatar.com\/avatar\/cecd50f696defba6d8269961136eef4639e8542bd8a188e5817d76f2e78de1c3?s=96&d=mm&r=g","contentUrl":"https:\/\/secure.gravatar.com\/avatar\/cecd50f696defba6d8269961136eef4639e8542bd8a188e5817d76f2e78de1c3?s=96&d=mm&r=g","caption":"Katarzyna"},"url":"https:\/\/www.zspswiecie.pl\/index.php\/author\/kasia_k\/"}]}},"_links":{"self":[{"href":"https:\/\/www.zspswiecie.pl\/index.php\/wp-json\/wp\/v2\/posts\/12399","targetHints":{"allow":["GET"]}}],"collection":[{"href":"https:\/\/www.zspswiecie.pl\/index.php\/wp-json\/wp\/v2\/posts"}],"about":[{"href":"https:\/\/www.zspswiecie.pl\/index.php\/wp-json\/wp\/v2\/types\/post"}],"author":[{"embeddable":true,"href":"https:\/\/www.zspswiecie.pl\/index.php\/wp-json\/wp\/v2\/users\/2"}],"replies":[{"embeddable":true,"href":"https:\/\/www.zspswiecie.pl\/index.php\/wp-json\/wp\/v2\/comments?post=12399"}],"version-history":[{"count":3,"href":"https:\/\/www.zspswiecie.pl\/index.php\/wp-json\/wp\/v2\/posts\/12399\/revisions"}],"predecessor-version":[{"id":12407,"href":"https:\/\/www.zspswiecie.pl\/index.php\/wp-json\/wp\/v2\/posts\/12399\/revisions\/12407"}],"wp:featuredmedia":[{"embeddable":true,"href":"https:\/\/www.zspswiecie.pl\/index.php\/wp-json\/wp\/v2\/media\/12404"}],"wp:attachment":[{"href":"https:\/\/www.zspswiecie.pl\/index.php\/wp-json\/wp\/v2\/media?parent=12399"}],"wp:term":[{"taxonomy":"category","embeddable":true,"href":"https:\/\/www.zspswiecie.pl\/index.php\/wp-json\/wp\/v2\/categories?post=12399"},{"taxonomy":"post_tag","embeddable":true,"href":"https:\/\/www.zspswiecie.pl\/index.php\/wp-json\/wp\/v2\/tags?post=12399"}],"curies":[{"name":"wp","href":"https:\/\/api.w.org\/{rel}","templated":true}]}}