{"id":12296,"date":"2023-09-11T22:08:49","date_gmt":"2023-09-11T20:08:49","guid":{"rendered":"http:\/\/www.zspswiecie.pl\/?p=12296"},"modified":"2023-09-13T23:08:14","modified_gmt":"2023-09-13T21:08:14","slug":"narodowe-czytanie-3","status":"publish","type":"post","link":"https:\/\/www.zspswiecie.pl\/index.php\/2023\/09\/narodowe-czytanie-3\/","title":{"rendered":"NARODOWE CZYTANIE"},"content":{"rendered":"\n<p><mark style=\"background-color:rgba(0, 0, 0, 0)\" class=\"has-inline-color has-black-color\">Spo\u0142eczno\u015b\u0107 naszej szko\u0142y uczestniczy\u0142a w po raz kolejny w akcji Narodowe Czytanie.  W tym roku czytali\u015bmy &#8222;Nad Niemnem&#8221; Elizy Orzeszkowej.<\/mark><\/p>\n\n\n\n<figure class=\"wp-block-image size-large\"><img loading=\"lazy\" decoding=\"async\" width=\"1200\" height=\"675\" src=\"https:\/\/www.zspswiecie.pl\/wp-content\/uploads\/2023\/09\/1694461009859-1200x675.jpg\" alt=\"\" class=\"wp-image-12298\" srcset=\"https:\/\/www.zspswiecie.pl\/wp-content\/uploads\/2023\/09\/1694461009859-1200x675.jpg 1200w, https:\/\/www.zspswiecie.pl\/wp-content\/uploads\/2023\/09\/1694461009859-300x169.jpg 300w, https:\/\/www.zspswiecie.pl\/wp-content\/uploads\/2023\/09\/1694461009859-768x432.jpg 768w, https:\/\/www.zspswiecie.pl\/wp-content\/uploads\/2023\/09\/1694461009859.jpg 1280w\" sizes=\"auto, (max-width: 1200px) 100vw, 1200px\" \/><\/figure>\n\n\n\n<p><mark style=\"background-color:rgba(0, 0, 0, 0)\" class=\"has-inline-color has-black-color\">Akcja Narodowego Czytania zosta\u0142a zainicjowana w 2012 roku.<\/mark><\/p>\n\n\n\n<figure class=\"wp-block-image size-large\"><img loading=\"lazy\" decoding=\"async\" width=\"1200\" height=\"613\" src=\"https:\/\/www.zspswiecie.pl\/wp-content\/uploads\/2023\/09\/1694460793839-1200x613.jpg\" alt=\"\" class=\"wp-image-12300\" srcset=\"https:\/\/www.zspswiecie.pl\/wp-content\/uploads\/2023\/09\/1694460793839-1200x613.jpg 1200w, https:\/\/www.zspswiecie.pl\/wp-content\/uploads\/2023\/09\/1694460793839-300x153.jpg 300w, https:\/\/www.zspswiecie.pl\/wp-content\/uploads\/2023\/09\/1694460793839-768x392.jpg 768w, https:\/\/www.zspswiecie.pl\/wp-content\/uploads\/2023\/09\/1694460793839.jpg 1280w\" sizes=\"auto, (max-width: 1200px) 100vw, 1200px\" \/><\/figure>\n\n\n\n<p><mark style=\"background-color:rgba(0, 0, 0, 0)\" class=\"has-inline-color has-black-color\">Wolontariuszki naszej szko\u0142y wspar\u0142y tegoroczn\u0105 edycj\u0119 NARODOWEGO CZYTANIA w Miejskiej Bibliotece Publicznej w \u015awieciu.<\/mark><\/p>\n\n\n\n<figure class=\"wp-block-image size-full\"><img loading=\"lazy\" decoding=\"async\" width=\"1080\" height=\"716\" src=\"https:\/\/www.zspswiecie.pl\/wp-content\/uploads\/2023\/09\/facebook_1694536408968_7107400838282390987.jpg\" alt=\"\" class=\"wp-image-12319\" srcset=\"https:\/\/www.zspswiecie.pl\/wp-content\/uploads\/2023\/09\/facebook_1694536408968_7107400838282390987.jpg 1080w, https:\/\/www.zspswiecie.pl\/wp-content\/uploads\/2023\/09\/facebook_1694536408968_7107400838282390987-300x199.jpg 300w, https:\/\/www.zspswiecie.pl\/wp-content\/uploads\/2023\/09\/facebook_1694536408968_7107400838282390987-768x509.jpg 768w\" sizes=\"auto, (max-width: 1080px) 100vw, 1080px\" \/><\/figure>\n","protected":false},"excerpt":{"rendered":"<p>Spo\u0142eczno\u015b\u0107 naszej szko\u0142y uczestniczy\u0142a w po raz kolejny w akcji Narodowe Czytanie. W tym roku czytali\u015bmy &#8222;Nad Niemnem&#8221; Elizy Orzeszkowej. Akcja Narodowego Czytania zosta\u0142a&#8230; &nbsp; <a href=\"https:\/\/www.zspswiecie.pl\/index.php\/2023\/09\/narodowe-czytanie-3\/\" class=\"moretag\">Wi\u0119cej&#8230;<\/a><\/p>\n","protected":false},"author":2,"featured_media":12299,"comment_status":"closed","ping_status":"open","sticky":false,"template":"","format":"standard","meta":{"footnotes":""},"categories":[5],"tags":[],"class_list":["post-12296","post","type-post","status-publish","format-standard","has-post-thumbnail","hentry","category-informacje"],"yoast_head":"<!-- This site is optimized with the Yoast SEO plugin v26.8 - https:\/\/yoast.com\/product\/yoast-seo-wordpress\/ -->\n<title>NARODOWE CZYTANIE - ZSP<\/title>\n<meta name=\"robots\" content=\"index, follow, max-snippet:-1, max-image-preview:large, max-video-preview:-1\" \/>\n<link rel=\"canonical\" href=\"https:\/\/www.zspswiecie.pl\/index.php\/2023\/09\/narodowe-czytanie-3\/\" \/>\n<meta property=\"og:locale\" content=\"pl_PL\" \/>\n<meta property=\"og:type\" content=\"article\" \/>\n<meta property=\"og:title\" content=\"NARODOWE CZYTANIE - ZSP\" \/>\n<meta property=\"og:description\" content=\"Spo\u0142eczno\u015b\u0107 naszej szko\u0142y uczestniczy\u0142a w po raz kolejny w akcji Narodowe Czytanie. W tym roku czytali\u015bmy &#8222;Nad Niemnem&#8221; Elizy Orzeszkowej. Akcja Narodowego Czytania zosta\u0142a... &nbsp; Wi\u0119cej...\" \/>\n<meta property=\"og:url\" content=\"https:\/\/www.zspswiecie.pl\/index.php\/2023\/09\/narodowe-czytanie-3\/\" \/>\n<meta property=\"og:site_name\" content=\"ZSP\" \/>\n<meta property=\"article:publisher\" content=\"https:\/\/www.facebook.com\/people\/Zesp-Szk-Ponadpodstawowych-w-wieciu\/100057638830230\/\" \/>\n<meta property=\"article:published_time\" content=\"2023-09-11T20:08:49+00:00\" \/>\n<meta property=\"article:modified_time\" content=\"2023-09-13T21:08:14+00:00\" \/>\n<meta property=\"og:image\" content=\"https:\/\/www.zspswiecie.pl\/wp-content\/uploads\/2023\/09\/1694461966632.jpg\" \/>\n\t<meta property=\"og:image:width\" content=\"720\" \/>\n\t<meta property=\"og:image:height\" content=\"450\" \/>\n\t<meta property=\"og:image:type\" content=\"image\/jpeg\" \/>\n<meta name=\"author\" content=\"Katarzyna\" \/>\n<meta name=\"twitter:label1\" content=\"Napisane przez\" \/>\n\t<meta name=\"twitter:data1\" content=\"Katarzyna\" \/>\n\t<meta name=\"twitter:label2\" content=\"Szacowany czas czytania\" \/>\n\t<meta name=\"twitter:data2\" content=\"1 minuta\" \/>\n<script type=\"application\/ld+json\" class=\"yoast-schema-graph\">{\"@context\":\"https:\/\/schema.org\",\"@graph\":[{\"@type\":\"Article\",\"@id\":\"https:\/\/www.zspswiecie.pl\/index.php\/2023\/09\/narodowe-czytanie-3\/#article\",\"isPartOf\":{\"@id\":\"https:\/\/www.zspswiecie.pl\/index.php\/2023\/09\/narodowe-czytanie-3\/\"},\"author\":{\"name\":\"Katarzyna\",\"@id\":\"https:\/\/www.zspswiecie.pl\/#\/schema\/person\/e02da1ef6b75bbd4043bfa50e22d5976\"},\"headline\":\"NARODOWE CZYTANIE\",\"datePublished\":\"2023-09-11T20:08:49+00:00\",\"dateModified\":\"2023-09-13T21:08:14+00:00\",\"mainEntityOfPage\":{\"@id\":\"https:\/\/www.zspswiecie.pl\/index.php\/2023\/09\/narodowe-czytanie-3\/\"},\"wordCount\":50,\"publisher\":{\"@id\":\"https:\/\/www.zspswiecie.pl\/#organization\"},\"image\":{\"@id\":\"https:\/\/www.zspswiecie.pl\/index.php\/2023\/09\/narodowe-czytanie-3\/#primaryimage\"},\"thumbnailUrl\":\"https:\/\/www.zspswiecie.pl\/wp-content\/uploads\/2023\/09\/1694461966632.jpg\",\"articleSection\":[\"Informacje\"],\"inLanguage\":\"pl-PL\"},{\"@type\":\"WebPage\",\"@id\":\"https:\/\/www.zspswiecie.pl\/index.php\/2023\/09\/narodowe-czytanie-3\/\",\"url\":\"https:\/\/www.zspswiecie.pl\/index.php\/2023\/09\/narodowe-czytanie-3\/\",\"name\":\"NARODOWE CZYTANIE - ZSP\",\"isPartOf\":{\"@id\":\"https:\/\/www.zspswiecie.pl\/#website\"},\"primaryImageOfPage\":{\"@id\":\"https:\/\/www.zspswiecie.pl\/index.php\/2023\/09\/narodowe-czytanie-3\/#primaryimage\"},\"image\":{\"@id\":\"https:\/\/www.zspswiecie.pl\/index.php\/2023\/09\/narodowe-czytanie-3\/#primaryimage\"},\"thumbnailUrl\":\"https:\/\/www.zspswiecie.pl\/wp-content\/uploads\/2023\/09\/1694461966632.jpg\",\"datePublished\":\"2023-09-11T20:08:49+00:00\",\"dateModified\":\"2023-09-13T21:08:14+00:00\",\"breadcrumb\":{\"@id\":\"https:\/\/www.zspswiecie.pl\/index.php\/2023\/09\/narodowe-czytanie-3\/#breadcrumb\"},\"inLanguage\":\"pl-PL\",\"potentialAction\":[{\"@type\":\"ReadAction\",\"target\":[\"https:\/\/www.zspswiecie.pl\/index.php\/2023\/09\/narodowe-czytanie-3\/\"]}]},{\"@type\":\"ImageObject\",\"inLanguage\":\"pl-PL\",\"@id\":\"https:\/\/www.zspswiecie.pl\/index.php\/2023\/09\/narodowe-czytanie-3\/#primaryimage\",\"url\":\"https:\/\/www.zspswiecie.pl\/wp-content\/uploads\/2023\/09\/1694461966632.jpg\",\"contentUrl\":\"https:\/\/www.zspswiecie.pl\/wp-content\/uploads\/2023\/09\/1694461966632.jpg\",\"width\":720,\"height\":450},{\"@type\":\"BreadcrumbList\",\"@id\":\"https:\/\/www.zspswiecie.pl\/index.php\/2023\/09\/narodowe-czytanie-3\/#breadcrumb\",\"itemListElement\":[{\"@type\":\"ListItem\",\"position\":1,\"name\":\"Strona g\u0142\u00f3wna\",\"item\":\"https:\/\/www.zspswiecie.pl\/index.php\/home\/strona-glowna\/\"},{\"@type\":\"ListItem\",\"position\":2,\"name\":\"NARODOWE CZYTANIE\"}]},{\"@type\":\"WebSite\",\"@id\":\"https:\/\/www.zspswiecie.pl\/#website\",\"url\":\"https:\/\/www.zspswiecie.pl\/\",\"name\":\"ZSP\",\"description\":\"Zesp\u00f3\u0142 Szk\u00f3\u0142 Ponadpodstawowych\",\"publisher\":{\"@id\":\"https:\/\/www.zspswiecie.pl\/#organization\"},\"potentialAction\":[{\"@type\":\"SearchAction\",\"target\":{\"@type\":\"EntryPoint\",\"urlTemplate\":\"https:\/\/www.zspswiecie.pl\/?s={search_term_string}\"},\"query-input\":{\"@type\":\"PropertyValueSpecification\",\"valueRequired\":true,\"valueName\":\"search_term_string\"}}],\"inLanguage\":\"pl-PL\"},{\"@type\":\"Organization\",\"@id\":\"https:\/\/www.zspswiecie.pl\/#organization\",\"name\":\"Zesp\u00f3\u0142 Szk\u00f3\u0142 Ponadpodstawowych\",\"url\":\"https:\/\/www.zspswiecie.pl\/\",\"logo\":{\"@type\":\"ImageObject\",\"inLanguage\":\"pl-PL\",\"@id\":\"https:\/\/www.zspswiecie.pl\/#\/schema\/logo\/image\/\",\"url\":\"http:\/\/www.zspswiecie.pl\/wp-content\/uploads\/2016\/03\/logo-zsp2.png\",\"contentUrl\":\"http:\/\/www.zspswiecie.pl\/wp-content\/uploads\/2016\/03\/logo-zsp2.png\",\"width\":449,\"height\":351,\"caption\":\"Zesp\u00f3\u0142 Szk\u00f3\u0142 Ponadpodstawowych\"},\"image\":{\"@id\":\"https:\/\/www.zspswiecie.pl\/#\/schema\/logo\/image\/\"},\"sameAs\":[\"https:\/\/www.facebook.com\/people\/Zesp-Szk-Ponadpodstawowych-w-wieciu\/100057638830230\/\"]},{\"@type\":\"Person\",\"@id\":\"https:\/\/www.zspswiecie.pl\/#\/schema\/person\/e02da1ef6b75bbd4043bfa50e22d5976\",\"name\":\"Katarzyna\",\"image\":{\"@type\":\"ImageObject\",\"inLanguage\":\"pl-PL\",\"@id\":\"https:\/\/www.zspswiecie.pl\/#\/schema\/person\/image\/\",\"url\":\"https:\/\/secure.gravatar.com\/avatar\/cecd50f696defba6d8269961136eef4639e8542bd8a188e5817d76f2e78de1c3?s=96&d=mm&r=g\",\"contentUrl\":\"https:\/\/secure.gravatar.com\/avatar\/cecd50f696defba6d8269961136eef4639e8542bd8a188e5817d76f2e78de1c3?s=96&d=mm&r=g\",\"caption\":\"Katarzyna\"},\"url\":\"https:\/\/www.zspswiecie.pl\/index.php\/author\/kasia_k\/\"}]}<\/script>\n<!-- \/ Yoast SEO plugin. -->","yoast_head_json":{"title":"NARODOWE CZYTANIE - ZSP","robots":{"index":"index","follow":"follow","max-snippet":"max-snippet:-1","max-image-preview":"max-image-preview:large","max-video-preview":"max-video-preview:-1"},"canonical":"https:\/\/www.zspswiecie.pl\/index.php\/2023\/09\/narodowe-czytanie-3\/","og_locale":"pl_PL","og_type":"article","og_title":"NARODOWE CZYTANIE - ZSP","og_description":"Spo\u0142eczno\u015b\u0107 naszej szko\u0142y uczestniczy\u0142a w po raz kolejny w akcji Narodowe Czytanie. W tym roku czytali\u015bmy &#8222;Nad Niemnem&#8221; Elizy Orzeszkowej. Akcja Narodowego Czytania zosta\u0142a... &nbsp; Wi\u0119cej...","og_url":"https:\/\/www.zspswiecie.pl\/index.php\/2023\/09\/narodowe-czytanie-3\/","og_site_name":"ZSP","article_publisher":"https:\/\/www.facebook.com\/people\/Zesp-Szk-Ponadpodstawowych-w-wieciu\/100057638830230\/","article_published_time":"2023-09-11T20:08:49+00:00","article_modified_time":"2023-09-13T21:08:14+00:00","og_image":[{"width":720,"height":450,"url":"https:\/\/www.zspswiecie.pl\/wp-content\/uploads\/2023\/09\/1694461966632.jpg","type":"image\/jpeg"}],"author":"Katarzyna","twitter_misc":{"Napisane przez":"Katarzyna","Szacowany czas czytania":"1 minuta"},"schema":{"@context":"https:\/\/schema.org","@graph":[{"@type":"Article","@id":"https:\/\/www.zspswiecie.pl\/index.php\/2023\/09\/narodowe-czytanie-3\/#article","isPartOf":{"@id":"https:\/\/www.zspswiecie.pl\/index.php\/2023\/09\/narodowe-czytanie-3\/"},"author":{"name":"Katarzyna","@id":"https:\/\/www.zspswiecie.pl\/#\/schema\/person\/e02da1ef6b75bbd4043bfa50e22d5976"},"headline":"NARODOWE CZYTANIE","datePublished":"2023-09-11T20:08:49+00:00","dateModified":"2023-09-13T21:08:14+00:00","mainEntityOfPage":{"@id":"https:\/\/www.zspswiecie.pl\/index.php\/2023\/09\/narodowe-czytanie-3\/"},"wordCount":50,"publisher":{"@id":"https:\/\/www.zspswiecie.pl\/#organization"},"image":{"@id":"https:\/\/www.zspswiecie.pl\/index.php\/2023\/09\/narodowe-czytanie-3\/#primaryimage"},"thumbnailUrl":"https:\/\/www.zspswiecie.pl\/wp-content\/uploads\/2023\/09\/1694461966632.jpg","articleSection":["Informacje"],"inLanguage":"pl-PL"},{"@type":"WebPage","@id":"https:\/\/www.zspswiecie.pl\/index.php\/2023\/09\/narodowe-czytanie-3\/","url":"https:\/\/www.zspswiecie.pl\/index.php\/2023\/09\/narodowe-czytanie-3\/","name":"NARODOWE CZYTANIE - ZSP","isPartOf":{"@id":"https:\/\/www.zspswiecie.pl\/#website"},"primaryImageOfPage":{"@id":"https:\/\/www.zspswiecie.pl\/index.php\/2023\/09\/narodowe-czytanie-3\/#primaryimage"},"image":{"@id":"https:\/\/www.zspswiecie.pl\/index.php\/2023\/09\/narodowe-czytanie-3\/#primaryimage"},"thumbnailUrl":"https:\/\/www.zspswiecie.pl\/wp-content\/uploads\/2023\/09\/1694461966632.jpg","datePublished":"2023-09-11T20:08:49+00:00","dateModified":"2023-09-13T21:08:14+00:00","breadcrumb":{"@id":"https:\/\/www.zspswiecie.pl\/index.php\/2023\/09\/narodowe-czytanie-3\/#breadcrumb"},"inLanguage":"pl-PL","potentialAction":[{"@type":"ReadAction","target":["https:\/\/www.zspswiecie.pl\/index.php\/2023\/09\/narodowe-czytanie-3\/"]}]},{"@type":"ImageObject","inLanguage":"pl-PL","@id":"https:\/\/www.zspswiecie.pl\/index.php\/2023\/09\/narodowe-czytanie-3\/#primaryimage","url":"https:\/\/www.zspswiecie.pl\/wp-content\/uploads\/2023\/09\/1694461966632.jpg","contentUrl":"https:\/\/www.zspswiecie.pl\/wp-content\/uploads\/2023\/09\/1694461966632.jpg","width":720,"height":450},{"@type":"BreadcrumbList","@id":"https:\/\/www.zspswiecie.pl\/index.php\/2023\/09\/narodowe-czytanie-3\/#breadcrumb","itemListElement":[{"@type":"ListItem","position":1,"name":"Strona g\u0142\u00f3wna","item":"https:\/\/www.zspswiecie.pl\/index.php\/home\/strona-glowna\/"},{"@type":"ListItem","position":2,"name":"NARODOWE CZYTANIE"}]},{"@type":"WebSite","@id":"https:\/\/www.zspswiecie.pl\/#website","url":"https:\/\/www.zspswiecie.pl\/","name":"ZSP","description":"Zesp\u00f3\u0142 Szk\u00f3\u0142 Ponadpodstawowych","publisher":{"@id":"https:\/\/www.zspswiecie.pl\/#organization"},"potentialAction":[{"@type":"SearchAction","target":{"@type":"EntryPoint","urlTemplate":"https:\/\/www.zspswiecie.pl\/?s={search_term_string}"},"query-input":{"@type":"PropertyValueSpecification","valueRequired":true,"valueName":"search_term_string"}}],"inLanguage":"pl-PL"},{"@type":"Organization","@id":"https:\/\/www.zspswiecie.pl\/#organization","name":"Zesp\u00f3\u0142 Szk\u00f3\u0142 Ponadpodstawowych","url":"https:\/\/www.zspswiecie.pl\/","logo":{"@type":"ImageObject","inLanguage":"pl-PL","@id":"https:\/\/www.zspswiecie.pl\/#\/schema\/logo\/image\/","url":"http:\/\/www.zspswiecie.pl\/wp-content\/uploads\/2016\/03\/logo-zsp2.png","contentUrl":"http:\/\/www.zspswiecie.pl\/wp-content\/uploads\/2016\/03\/logo-zsp2.png","width":449,"height":351,"caption":"Zesp\u00f3\u0142 Szk\u00f3\u0142 Ponadpodstawowych"},"image":{"@id":"https:\/\/www.zspswiecie.pl\/#\/schema\/logo\/image\/"},"sameAs":["https:\/\/www.facebook.com\/people\/Zesp-Szk-Ponadpodstawowych-w-wieciu\/100057638830230\/"]},{"@type":"Person","@id":"https:\/\/www.zspswiecie.pl\/#\/schema\/person\/e02da1ef6b75bbd4043bfa50e22d5976","name":"Katarzyna","image":{"@type":"ImageObject","inLanguage":"pl-PL","@id":"https:\/\/www.zspswiecie.pl\/#\/schema\/person\/image\/","url":"https:\/\/secure.gravatar.com\/avatar\/cecd50f696defba6d8269961136eef4639e8542bd8a188e5817d76f2e78de1c3?s=96&d=mm&r=g","contentUrl":"https:\/\/secure.gravatar.com\/avatar\/cecd50f696defba6d8269961136eef4639e8542bd8a188e5817d76f2e78de1c3?s=96&d=mm&r=g","caption":"Katarzyna"},"url":"https:\/\/www.zspswiecie.pl\/index.php\/author\/kasia_k\/"}]}},"_links":{"self":[{"href":"https:\/\/www.zspswiecie.pl\/index.php\/wp-json\/wp\/v2\/posts\/12296","targetHints":{"allow":["GET"]}}],"collection":[{"href":"https:\/\/www.zspswiecie.pl\/index.php\/wp-json\/wp\/v2\/posts"}],"about":[{"href":"https:\/\/www.zspswiecie.pl\/index.php\/wp-json\/wp\/v2\/types\/post"}],"author":[{"embeddable":true,"href":"https:\/\/www.zspswiecie.pl\/index.php\/wp-json\/wp\/v2\/users\/2"}],"replies":[{"embeddable":true,"href":"https:\/\/www.zspswiecie.pl\/index.php\/wp-json\/wp\/v2\/comments?post=12296"}],"version-history":[{"count":2,"href":"https:\/\/www.zspswiecie.pl\/index.php\/wp-json\/wp\/v2\/posts\/12296\/revisions"}],"predecessor-version":[{"id":12320,"href":"https:\/\/www.zspswiecie.pl\/index.php\/wp-json\/wp\/v2\/posts\/12296\/revisions\/12320"}],"wp:featuredmedia":[{"embeddable":true,"href":"https:\/\/www.zspswiecie.pl\/index.php\/wp-json\/wp\/v2\/media\/12299"}],"wp:attachment":[{"href":"https:\/\/www.zspswiecie.pl\/index.php\/wp-json\/wp\/v2\/media?parent=12296"}],"wp:term":[{"taxonomy":"category","embeddable":true,"href":"https:\/\/www.zspswiecie.pl\/index.php\/wp-json\/wp\/v2\/categories?post=12296"},{"taxonomy":"post_tag","embeddable":true,"href":"https:\/\/www.zspswiecie.pl\/index.php\/wp-json\/wp\/v2\/tags?post=12296"}],"curies":[{"name":"wp","href":"https:\/\/api.w.org\/{rel}","templated":true}]}}