{"id":10348,"date":"2022-05-20T09:36:19","date_gmt":"2022-05-20T07:36:19","guid":{"rendered":"http:\/\/www.zspswiecie.pl\/?p=10348"},"modified":"2022-05-24T09:47:25","modified_gmt":"2022-05-24T07:47:25","slug":"europejski-tydzien-umiejetnosci-zawodowych-2","status":"publish","type":"post","link":"https:\/\/www.zspswiecie.pl\/index.php\/2022\/05\/europejski-tydzien-umiejetnosci-zawodowych-2\/","title":{"rendered":"EUROPEJSKI TYDZIE\u0143 UMIEJ\u0118TNO\u015aCI ZAWODOWYCH"},"content":{"rendered":"<p><span style=\"color: #000000;\">W naszej szkole kontynuujemy obchody Europejskiego Tygodnia Umiej\u0119tno\u015bci Zawodowych.<\/span><\/p>\n<p><span style=\"color: #000000;\">18 maja go\u015bcili\u015bmy uczni\u00f3w klas o\u015bmych szk\u00f3\u0142 podstawowych.<\/span><\/p>\n<p><span style=\"color: #000000;\">Uczniowie&nbsp; ZSP prezentowali swoje umiej\u0119tno\u015bci w zawodzie technik \u017cywienia i us\u0142ug gastronomicznych, technik hotelarz, technik ekonomista, technik reklamy i technik logistyk.<\/span><\/p>\n\n\n<figure class=\"wp-block-image size-large\"><img loading=\"lazy\" decoding=\"async\" width=\"800\" height=\"536\" src=\"https:\/\/www.zspswiecie.pl\/wp-content\/uploads\/2022\/05\/DSC_0078.jpg\" alt=\"\" class=\"wp-image-10353\" srcset=\"https:\/\/www.zspswiecie.pl\/wp-content\/uploads\/2022\/05\/DSC_0078.jpg 800w, https:\/\/www.zspswiecie.pl\/wp-content\/uploads\/2022\/05\/DSC_0078-300x201.jpg 300w, https:\/\/www.zspswiecie.pl\/wp-content\/uploads\/2022\/05\/DSC_0078-768x515.jpg 768w\" sizes=\"auto, (max-width: 800px) 100vw, 800px\" \/><\/figure>\n\n\n\n<figure class=\"wp-block-image size-large\"><img loading=\"lazy\" decoding=\"async\" width=\"800\" height=\"536\" src=\"https:\/\/www.zspswiecie.pl\/wp-content\/uploads\/2022\/05\/DSC_0038.jpg\" alt=\"\" class=\"wp-image-10351\" srcset=\"https:\/\/www.zspswiecie.pl\/wp-content\/uploads\/2022\/05\/DSC_0038.jpg 800w, https:\/\/www.zspswiecie.pl\/wp-content\/uploads\/2022\/05\/DSC_0038-300x201.jpg 300w, https:\/\/www.zspswiecie.pl\/wp-content\/uploads\/2022\/05\/DSC_0038-768x515.jpg 768w\" sizes=\"auto, (max-width: 800px) 100vw, 800px\" \/><\/figure>\n\n\n<p><span style=\"color: #000000;\">Nowymi umiej\u0119tno\u015bciami pochwalili si\u0119 tak\u017ce uczniowie, kt\u00f3rzy przebywali na miesi\u0119cznych praktykach w Niemczech w ramach Programu &#8222;Umi\u0119dzynarodowienie naszej szko\u0142y &#8211; Erasmus + nasz\u0105 szans\u0105&#8221;. Przedstawili prezentacje multimedialne i zach\u0119cali uczni\u00f3w do edukacji w naszej szkole.<\/span><\/p>\n\n\n<figure class=\"wp-block-image size-large\"><img loading=\"lazy\" decoding=\"async\" width=\"800\" height=\"536\" src=\"https:\/\/www.zspswiecie.pl\/wp-content\/uploads\/2022\/05\/DSC_0022.jpg\" alt=\"\" class=\"wp-image-10355\" srcset=\"https:\/\/www.zspswiecie.pl\/wp-content\/uploads\/2022\/05\/DSC_0022.jpg 800w, https:\/\/www.zspswiecie.pl\/wp-content\/uploads\/2022\/05\/DSC_0022-300x201.jpg 300w, https:\/\/www.zspswiecie.pl\/wp-content\/uploads\/2022\/05\/DSC_0022-768x515.jpg 768w\" sizes=\"auto, (max-width: 800px) 100vw, 800px\" \/><\/figure>\n\n\n<p><span style=\"color: #000000;\">Uczniowie z klasy LO o profilu podstawy dzia\u0142alno\u015bci s\u0142u\u017cb mundurowych zaprezentowali pokaz musztry.<\/span><\/p>\n\n\n<figure class=\"wp-block-image size-large\"><img loading=\"lazy\" decoding=\"async\" width=\"800\" height=\"536\" src=\"https:\/\/www.zspswiecie.pl\/wp-content\/uploads\/2022\/05\/DSC_0071.jpg\" alt=\"\" class=\"wp-image-10350\" srcset=\"https:\/\/www.zspswiecie.pl\/wp-content\/uploads\/2022\/05\/DSC_0071.jpg 800w, https:\/\/www.zspswiecie.pl\/wp-content\/uploads\/2022\/05\/DSC_0071-300x201.jpg 300w, https:\/\/www.zspswiecie.pl\/wp-content\/uploads\/2022\/05\/DSC_0071-768x515.jpg 768w\" sizes=\"auto, (max-width: 800px) 100vw, 800px\" \/><\/figure>\n\n\n<p><span style=\"color: #000000;\">Go\u015bcili\u015bmy panie z Ko\u0142a Gospody\u0144 Wiejskich w Je\u017cewie, kt\u00f3re uczy\u0142y robienia ruchanek.<\/span><\/p>\n\n\n<figure class=\"wp-block-image size-large\"><img loading=\"lazy\" decoding=\"async\" width=\"800\" height=\"536\" src=\"https:\/\/www.zspswiecie.pl\/wp-content\/uploads\/2022\/05\/DSC_0085.jpg\" alt=\"\" class=\"wp-image-10354\" srcset=\"https:\/\/www.zspswiecie.pl\/wp-content\/uploads\/2022\/05\/DSC_0085.jpg 800w, https:\/\/www.zspswiecie.pl\/wp-content\/uploads\/2022\/05\/DSC_0085-300x201.jpg 300w, https:\/\/www.zspswiecie.pl\/wp-content\/uploads\/2022\/05\/DSC_0085-768x515.jpg 768w\" sizes=\"auto, (max-width: 800px) 100vw, 800px\" \/><\/figure>\n\n\n<p><span style=\"color: #000000;\">Zapraszamy do ZSP \u015awiecie.<\/span><\/p>","protected":false},"excerpt":{"rendered":"<p>W naszej szkole kontynuujemy obchody Europejskiego Tygodnia Umiej\u0119tno\u015bci Zawodowych. 18 maja go\u015bcili\u015bmy uczni\u00f3w klas o\u015bmych szk\u00f3\u0142 podstawowych. Uczniowie&nbsp; ZSP prezentowali swoje umiej\u0119tno\u015bci w zawodzie&#8230; &nbsp; <a href=\"https:\/\/www.zspswiecie.pl\/index.php\/2022\/05\/europejski-tydzien-umiejetnosci-zawodowych-2\/\" class=\"moretag\">Wi\u0119cej&#8230;<\/a><\/p>\n","protected":false},"author":2,"featured_media":10349,"comment_status":"closed","ping_status":"open","sticky":false,"template":"","format":"standard","meta":{"footnotes":""},"categories":[5],"tags":[],"class_list":["post-10348","post","type-post","status-publish","format-standard","has-post-thumbnail","hentry","category-informacje"],"yoast_head":"<!-- This site is optimized with the Yoast SEO plugin v26.8 - https:\/\/yoast.com\/product\/yoast-seo-wordpress\/ -->\n<title>EUROPEJSKI TYDZIE\u0143 UMIEJ\u0118TNO\u015aCI ZAWODOWYCH - ZSP<\/title>\n<meta name=\"robots\" content=\"index, follow, max-snippet:-1, max-image-preview:large, max-video-preview:-1\" \/>\n<link rel=\"canonical\" href=\"https:\/\/www.zspswiecie.pl\/index.php\/2022\/05\/europejski-tydzien-umiejetnosci-zawodowych-2\/\" \/>\n<meta property=\"og:locale\" content=\"pl_PL\" \/>\n<meta property=\"og:type\" content=\"article\" \/>\n<meta property=\"og:title\" content=\"EUROPEJSKI TYDZIE\u0143 UMIEJ\u0118TNO\u015aCI ZAWODOWYCH - ZSP\" \/>\n<meta property=\"og:description\" content=\"W naszej szkole kontynuujemy obchody Europejskiego Tygodnia Umiej\u0119tno\u015bci Zawodowych. 18 maja go\u015bcili\u015bmy uczni\u00f3w klas o\u015bmych szk\u00f3\u0142 podstawowych. Uczniowie&nbsp; ZSP prezentowali swoje umiej\u0119tno\u015bci w zawodzie... &nbsp; Wi\u0119cej...\" \/>\n<meta property=\"og:url\" content=\"https:\/\/www.zspswiecie.pl\/index.php\/2022\/05\/europejski-tydzien-umiejetnosci-zawodowych-2\/\" \/>\n<meta property=\"og:site_name\" content=\"ZSP\" \/>\n<meta property=\"article:publisher\" content=\"https:\/\/www.facebook.com\/people\/Zesp-Szk-Ponadpodstawowych-w-wieciu\/100057638830230\/\" \/>\n<meta property=\"article:published_time\" content=\"2022-05-20T07:36:19+00:00\" \/>\n<meta property=\"article:modified_time\" content=\"2022-05-24T07:47:25+00:00\" \/>\n<meta property=\"og:image\" content=\"https:\/\/www.zspswiecie.pl\/wp-content\/uploads\/2022\/05\/DSC_0024.jpg\" \/>\n\t<meta property=\"og:image:width\" content=\"800\" \/>\n\t<meta property=\"og:image:height\" content=\"505\" \/>\n\t<meta property=\"og:image:type\" content=\"image\/jpeg\" \/>\n<meta name=\"author\" content=\"Katarzyna\" \/>\n<meta name=\"twitter:label1\" content=\"Napisane przez\" \/>\n\t<meta name=\"twitter:data1\" content=\"Katarzyna\" \/>\n\t<meta name=\"twitter:label2\" content=\"Szacowany czas czytania\" \/>\n\t<meta name=\"twitter:data2\" content=\"1 minuta\" \/>\n<script type=\"application\/ld+json\" class=\"yoast-schema-graph\">{\"@context\":\"https:\/\/schema.org\",\"@graph\":[{\"@type\":\"Article\",\"@id\":\"https:\/\/www.zspswiecie.pl\/index.php\/2022\/05\/europejski-tydzien-umiejetnosci-zawodowych-2\/#article\",\"isPartOf\":{\"@id\":\"https:\/\/www.zspswiecie.pl\/index.php\/2022\/05\/europejski-tydzien-umiejetnosci-zawodowych-2\/\"},\"author\":{\"name\":\"Katarzyna\",\"@id\":\"https:\/\/www.zspswiecie.pl\/#\/schema\/person\/e02da1ef6b75bbd4043bfa50e22d5976\"},\"headline\":\"EUROPEJSKI TYDZIE\u0143 UMIEJ\u0118TNO\u015aCI ZAWODOWYCH\",\"datePublished\":\"2022-05-20T07:36:19+00:00\",\"dateModified\":\"2022-05-24T07:47:25+00:00\",\"mainEntityOfPage\":{\"@id\":\"https:\/\/www.zspswiecie.pl\/index.php\/2022\/05\/europejski-tydzien-umiejetnosci-zawodowych-2\/\"},\"wordCount\":135,\"publisher\":{\"@id\":\"https:\/\/www.zspswiecie.pl\/#organization\"},\"image\":{\"@id\":\"https:\/\/www.zspswiecie.pl\/index.php\/2022\/05\/europejski-tydzien-umiejetnosci-zawodowych-2\/#primaryimage\"},\"thumbnailUrl\":\"https:\/\/www.zspswiecie.pl\/wp-content\/uploads\/2022\/05\/DSC_0024.jpg\",\"articleSection\":[\"Informacje\"],\"inLanguage\":\"pl-PL\"},{\"@type\":\"WebPage\",\"@id\":\"https:\/\/www.zspswiecie.pl\/index.php\/2022\/05\/europejski-tydzien-umiejetnosci-zawodowych-2\/\",\"url\":\"https:\/\/www.zspswiecie.pl\/index.php\/2022\/05\/europejski-tydzien-umiejetnosci-zawodowych-2\/\",\"name\":\"EUROPEJSKI TYDZIE\u0143 UMIEJ\u0118TNO\u015aCI ZAWODOWYCH - ZSP\",\"isPartOf\":{\"@id\":\"https:\/\/www.zspswiecie.pl\/#website\"},\"primaryImageOfPage\":{\"@id\":\"https:\/\/www.zspswiecie.pl\/index.php\/2022\/05\/europejski-tydzien-umiejetnosci-zawodowych-2\/#primaryimage\"},\"image\":{\"@id\":\"https:\/\/www.zspswiecie.pl\/index.php\/2022\/05\/europejski-tydzien-umiejetnosci-zawodowych-2\/#primaryimage\"},\"thumbnailUrl\":\"https:\/\/www.zspswiecie.pl\/wp-content\/uploads\/2022\/05\/DSC_0024.jpg\",\"datePublished\":\"2022-05-20T07:36:19+00:00\",\"dateModified\":\"2022-05-24T07:47:25+00:00\",\"breadcrumb\":{\"@id\":\"https:\/\/www.zspswiecie.pl\/index.php\/2022\/05\/europejski-tydzien-umiejetnosci-zawodowych-2\/#breadcrumb\"},\"inLanguage\":\"pl-PL\",\"potentialAction\":[{\"@type\":\"ReadAction\",\"target\":[\"https:\/\/www.zspswiecie.pl\/index.php\/2022\/05\/europejski-tydzien-umiejetnosci-zawodowych-2\/\"]}]},{\"@type\":\"ImageObject\",\"inLanguage\":\"pl-PL\",\"@id\":\"https:\/\/www.zspswiecie.pl\/index.php\/2022\/05\/europejski-tydzien-umiejetnosci-zawodowych-2\/#primaryimage\",\"url\":\"https:\/\/www.zspswiecie.pl\/wp-content\/uploads\/2022\/05\/DSC_0024.jpg\",\"contentUrl\":\"https:\/\/www.zspswiecie.pl\/wp-content\/uploads\/2022\/05\/DSC_0024.jpg\",\"width\":800,\"height\":505},{\"@type\":\"BreadcrumbList\",\"@id\":\"https:\/\/www.zspswiecie.pl\/index.php\/2022\/05\/europejski-tydzien-umiejetnosci-zawodowych-2\/#breadcrumb\",\"itemListElement\":[{\"@type\":\"ListItem\",\"position\":1,\"name\":\"Strona g\u0142\u00f3wna\",\"item\":\"https:\/\/www.zspswiecie.pl\/index.php\/home\/strona-glowna\/\"},{\"@type\":\"ListItem\",\"position\":2,\"name\":\"EUROPEJSKI TYDZIE\u0143 UMIEJ\u0118TNO\u015aCI ZAWODOWYCH\"}]},{\"@type\":\"WebSite\",\"@id\":\"https:\/\/www.zspswiecie.pl\/#website\",\"url\":\"https:\/\/www.zspswiecie.pl\/\",\"name\":\"ZSP\",\"description\":\"Zesp\u00f3\u0142 Szk\u00f3\u0142 Ponadpodstawowych\",\"publisher\":{\"@id\":\"https:\/\/www.zspswiecie.pl\/#organization\"},\"potentialAction\":[{\"@type\":\"SearchAction\",\"target\":{\"@type\":\"EntryPoint\",\"urlTemplate\":\"https:\/\/www.zspswiecie.pl\/?s={search_term_string}\"},\"query-input\":{\"@type\":\"PropertyValueSpecification\",\"valueRequired\":true,\"valueName\":\"search_term_string\"}}],\"inLanguage\":\"pl-PL\"},{\"@type\":\"Organization\",\"@id\":\"https:\/\/www.zspswiecie.pl\/#organization\",\"name\":\"Zesp\u00f3\u0142 Szk\u00f3\u0142 Ponadpodstawowych\",\"url\":\"https:\/\/www.zspswiecie.pl\/\",\"logo\":{\"@type\":\"ImageObject\",\"inLanguage\":\"pl-PL\",\"@id\":\"https:\/\/www.zspswiecie.pl\/#\/schema\/logo\/image\/\",\"url\":\"http:\/\/www.zspswiecie.pl\/wp-content\/uploads\/2016\/03\/logo-zsp2.png\",\"contentUrl\":\"http:\/\/www.zspswiecie.pl\/wp-content\/uploads\/2016\/03\/logo-zsp2.png\",\"width\":449,\"height\":351,\"caption\":\"Zesp\u00f3\u0142 Szk\u00f3\u0142 Ponadpodstawowych\"},\"image\":{\"@id\":\"https:\/\/www.zspswiecie.pl\/#\/schema\/logo\/image\/\"},\"sameAs\":[\"https:\/\/www.facebook.com\/people\/Zesp-Szk-Ponadpodstawowych-w-wieciu\/100057638830230\/\"]},{\"@type\":\"Person\",\"@id\":\"https:\/\/www.zspswiecie.pl\/#\/schema\/person\/e02da1ef6b75bbd4043bfa50e22d5976\",\"name\":\"Katarzyna\",\"image\":{\"@type\":\"ImageObject\",\"inLanguage\":\"pl-PL\",\"@id\":\"https:\/\/www.zspswiecie.pl\/#\/schema\/person\/image\/\",\"url\":\"https:\/\/secure.gravatar.com\/avatar\/cecd50f696defba6d8269961136eef4639e8542bd8a188e5817d76f2e78de1c3?s=96&d=mm&r=g\",\"contentUrl\":\"https:\/\/secure.gravatar.com\/avatar\/cecd50f696defba6d8269961136eef4639e8542bd8a188e5817d76f2e78de1c3?s=96&d=mm&r=g\",\"caption\":\"Katarzyna\"},\"url\":\"https:\/\/www.zspswiecie.pl\/index.php\/author\/kasia_k\/\"}]}<\/script>\n<!-- \/ Yoast SEO plugin. -->","yoast_head_json":{"title":"EUROPEJSKI TYDZIE\u0143 UMIEJ\u0118TNO\u015aCI ZAWODOWYCH - ZSP","robots":{"index":"index","follow":"follow","max-snippet":"max-snippet:-1","max-image-preview":"max-image-preview:large","max-video-preview":"max-video-preview:-1"},"canonical":"https:\/\/www.zspswiecie.pl\/index.php\/2022\/05\/europejski-tydzien-umiejetnosci-zawodowych-2\/","og_locale":"pl_PL","og_type":"article","og_title":"EUROPEJSKI TYDZIE\u0143 UMIEJ\u0118TNO\u015aCI ZAWODOWYCH - ZSP","og_description":"W naszej szkole kontynuujemy obchody Europejskiego Tygodnia Umiej\u0119tno\u015bci Zawodowych. 18 maja go\u015bcili\u015bmy uczni\u00f3w klas o\u015bmych szk\u00f3\u0142 podstawowych. Uczniowie&nbsp; ZSP prezentowali swoje umiej\u0119tno\u015bci w zawodzie... &nbsp; Wi\u0119cej...","og_url":"https:\/\/www.zspswiecie.pl\/index.php\/2022\/05\/europejski-tydzien-umiejetnosci-zawodowych-2\/","og_site_name":"ZSP","article_publisher":"https:\/\/www.facebook.com\/people\/Zesp-Szk-Ponadpodstawowych-w-wieciu\/100057638830230\/","article_published_time":"2022-05-20T07:36:19+00:00","article_modified_time":"2022-05-24T07:47:25+00:00","og_image":[{"width":800,"height":505,"url":"https:\/\/www.zspswiecie.pl\/wp-content\/uploads\/2022\/05\/DSC_0024.jpg","type":"image\/jpeg"}],"author":"Katarzyna","twitter_misc":{"Napisane przez":"Katarzyna","Szacowany czas czytania":"1 minuta"},"schema":{"@context":"https:\/\/schema.org","@graph":[{"@type":"Article","@id":"https:\/\/www.zspswiecie.pl\/index.php\/2022\/05\/europejski-tydzien-umiejetnosci-zawodowych-2\/#article","isPartOf":{"@id":"https:\/\/www.zspswiecie.pl\/index.php\/2022\/05\/europejski-tydzien-umiejetnosci-zawodowych-2\/"},"author":{"name":"Katarzyna","@id":"https:\/\/www.zspswiecie.pl\/#\/schema\/person\/e02da1ef6b75bbd4043bfa50e22d5976"},"headline":"EUROPEJSKI TYDZIE\u0143 UMIEJ\u0118TNO\u015aCI ZAWODOWYCH","datePublished":"2022-05-20T07:36:19+00:00","dateModified":"2022-05-24T07:47:25+00:00","mainEntityOfPage":{"@id":"https:\/\/www.zspswiecie.pl\/index.php\/2022\/05\/europejski-tydzien-umiejetnosci-zawodowych-2\/"},"wordCount":135,"publisher":{"@id":"https:\/\/www.zspswiecie.pl\/#organization"},"image":{"@id":"https:\/\/www.zspswiecie.pl\/index.php\/2022\/05\/europejski-tydzien-umiejetnosci-zawodowych-2\/#primaryimage"},"thumbnailUrl":"https:\/\/www.zspswiecie.pl\/wp-content\/uploads\/2022\/05\/DSC_0024.jpg","articleSection":["Informacje"],"inLanguage":"pl-PL"},{"@type":"WebPage","@id":"https:\/\/www.zspswiecie.pl\/index.php\/2022\/05\/europejski-tydzien-umiejetnosci-zawodowych-2\/","url":"https:\/\/www.zspswiecie.pl\/index.php\/2022\/05\/europejski-tydzien-umiejetnosci-zawodowych-2\/","name":"EUROPEJSKI TYDZIE\u0143 UMIEJ\u0118TNO\u015aCI ZAWODOWYCH - ZSP","isPartOf":{"@id":"https:\/\/www.zspswiecie.pl\/#website"},"primaryImageOfPage":{"@id":"https:\/\/www.zspswiecie.pl\/index.php\/2022\/05\/europejski-tydzien-umiejetnosci-zawodowych-2\/#primaryimage"},"image":{"@id":"https:\/\/www.zspswiecie.pl\/index.php\/2022\/05\/europejski-tydzien-umiejetnosci-zawodowych-2\/#primaryimage"},"thumbnailUrl":"https:\/\/www.zspswiecie.pl\/wp-content\/uploads\/2022\/05\/DSC_0024.jpg","datePublished":"2022-05-20T07:36:19+00:00","dateModified":"2022-05-24T07:47:25+00:00","breadcrumb":{"@id":"https:\/\/www.zspswiecie.pl\/index.php\/2022\/05\/europejski-tydzien-umiejetnosci-zawodowych-2\/#breadcrumb"},"inLanguage":"pl-PL","potentialAction":[{"@type":"ReadAction","target":["https:\/\/www.zspswiecie.pl\/index.php\/2022\/05\/europejski-tydzien-umiejetnosci-zawodowych-2\/"]}]},{"@type":"ImageObject","inLanguage":"pl-PL","@id":"https:\/\/www.zspswiecie.pl\/index.php\/2022\/05\/europejski-tydzien-umiejetnosci-zawodowych-2\/#primaryimage","url":"https:\/\/www.zspswiecie.pl\/wp-content\/uploads\/2022\/05\/DSC_0024.jpg","contentUrl":"https:\/\/www.zspswiecie.pl\/wp-content\/uploads\/2022\/05\/DSC_0024.jpg","width":800,"height":505},{"@type":"BreadcrumbList","@id":"https:\/\/www.zspswiecie.pl\/index.php\/2022\/05\/europejski-tydzien-umiejetnosci-zawodowych-2\/#breadcrumb","itemListElement":[{"@type":"ListItem","position":1,"name":"Strona g\u0142\u00f3wna","item":"https:\/\/www.zspswiecie.pl\/index.php\/home\/strona-glowna\/"},{"@type":"ListItem","position":2,"name":"EUROPEJSKI TYDZIE\u0143 UMIEJ\u0118TNO\u015aCI ZAWODOWYCH"}]},{"@type":"WebSite","@id":"https:\/\/www.zspswiecie.pl\/#website","url":"https:\/\/www.zspswiecie.pl\/","name":"ZSP","description":"Zesp\u00f3\u0142 Szk\u00f3\u0142 Ponadpodstawowych","publisher":{"@id":"https:\/\/www.zspswiecie.pl\/#organization"},"potentialAction":[{"@type":"SearchAction","target":{"@type":"EntryPoint","urlTemplate":"https:\/\/www.zspswiecie.pl\/?s={search_term_string}"},"query-input":{"@type":"PropertyValueSpecification","valueRequired":true,"valueName":"search_term_string"}}],"inLanguage":"pl-PL"},{"@type":"Organization","@id":"https:\/\/www.zspswiecie.pl\/#organization","name":"Zesp\u00f3\u0142 Szk\u00f3\u0142 Ponadpodstawowych","url":"https:\/\/www.zspswiecie.pl\/","logo":{"@type":"ImageObject","inLanguage":"pl-PL","@id":"https:\/\/www.zspswiecie.pl\/#\/schema\/logo\/image\/","url":"http:\/\/www.zspswiecie.pl\/wp-content\/uploads\/2016\/03\/logo-zsp2.png","contentUrl":"http:\/\/www.zspswiecie.pl\/wp-content\/uploads\/2016\/03\/logo-zsp2.png","width":449,"height":351,"caption":"Zesp\u00f3\u0142 Szk\u00f3\u0142 Ponadpodstawowych"},"image":{"@id":"https:\/\/www.zspswiecie.pl\/#\/schema\/logo\/image\/"},"sameAs":["https:\/\/www.facebook.com\/people\/Zesp-Szk-Ponadpodstawowych-w-wieciu\/100057638830230\/"]},{"@type":"Person","@id":"https:\/\/www.zspswiecie.pl\/#\/schema\/person\/e02da1ef6b75bbd4043bfa50e22d5976","name":"Katarzyna","image":{"@type":"ImageObject","inLanguage":"pl-PL","@id":"https:\/\/www.zspswiecie.pl\/#\/schema\/person\/image\/","url":"https:\/\/secure.gravatar.com\/avatar\/cecd50f696defba6d8269961136eef4639e8542bd8a188e5817d76f2e78de1c3?s=96&d=mm&r=g","contentUrl":"https:\/\/secure.gravatar.com\/avatar\/cecd50f696defba6d8269961136eef4639e8542bd8a188e5817d76f2e78de1c3?s=96&d=mm&r=g","caption":"Katarzyna"},"url":"https:\/\/www.zspswiecie.pl\/index.php\/author\/kasia_k\/"}]}},"_links":{"self":[{"href":"https:\/\/www.zspswiecie.pl\/index.php\/wp-json\/wp\/v2\/posts\/10348","targetHints":{"allow":["GET"]}}],"collection":[{"href":"https:\/\/www.zspswiecie.pl\/index.php\/wp-json\/wp\/v2\/posts"}],"about":[{"href":"https:\/\/www.zspswiecie.pl\/index.php\/wp-json\/wp\/v2\/types\/post"}],"author":[{"embeddable":true,"href":"https:\/\/www.zspswiecie.pl\/index.php\/wp-json\/wp\/v2\/users\/2"}],"replies":[{"embeddable":true,"href":"https:\/\/www.zspswiecie.pl\/index.php\/wp-json\/wp\/v2\/comments?post=10348"}],"version-history":[{"count":3,"href":"https:\/\/www.zspswiecie.pl\/index.php\/wp-json\/wp\/v2\/posts\/10348\/revisions"}],"predecessor-version":[{"id":10361,"href":"https:\/\/www.zspswiecie.pl\/index.php\/wp-json\/wp\/v2\/posts\/10348\/revisions\/10361"}],"wp:featuredmedia":[{"embeddable":true,"href":"https:\/\/www.zspswiecie.pl\/index.php\/wp-json\/wp\/v2\/media\/10349"}],"wp:attachment":[{"href":"https:\/\/www.zspswiecie.pl\/index.php\/wp-json\/wp\/v2\/media?parent=10348"}],"wp:term":[{"taxonomy":"category","embeddable":true,"href":"https:\/\/www.zspswiecie.pl\/index.php\/wp-json\/wp\/v2\/categories?post=10348"},{"taxonomy":"post_tag","embeddable":true,"href":"https:\/\/www.zspswiecie.pl\/index.php\/wp-json\/wp\/v2\/tags?post=10348"}],"curies":[{"name":"wp","href":"https:\/\/api.w.org\/{rel}","templated":true}]}}