{"id":10014,"date":"2022-05-11T19:23:45","date_gmt":"2022-05-11T17:23:45","guid":{"rendered":"http:\/\/www.zspswiecie.pl\/?p=10014"},"modified":"2022-05-11T19:38:06","modified_gmt":"2022-05-11T17:38:06","slug":"0ferta-edukacyjna-2022-2023","status":"publish","type":"post","link":"https:\/\/www.zspswiecie.pl\/index.php\/2022\/05\/0ferta-edukacyjna-2022-2023\/","title":{"rendered":"0FERTA EDUKACYJNA 2022\/2023"},"content":{"rendered":"\n<figure class=\"wp-block-image size-large\"><img loading=\"lazy\" decoding=\"async\" width=\"800\" height=\"1122\" src=\"https:\/\/www.zspswiecie.pl\/wp-content\/uploads\/2022\/04\/1.jpg\" alt=\"\" class=\"wp-image-10013\" srcset=\"https:\/\/www.zspswiecie.pl\/wp-content\/uploads\/2022\/04\/1.jpg 800w, https:\/\/www.zspswiecie.pl\/wp-content\/uploads\/2022\/04\/1-214x300.jpg 214w, https:\/\/www.zspswiecie.pl\/wp-content\/uploads\/2022\/04\/1-768x1077.jpg 768w\" sizes=\"auto, (max-width: 800px) 100vw, 800px\" \/><\/figure>\n\n\n\n<figure class=\"wp-block-image size-large\"><img loading=\"lazy\" decoding=\"async\" width=\"800\" height=\"1122\" src=\"https:\/\/www.zspswiecie.pl\/wp-content\/uploads\/2022\/04\/2.jpg\" alt=\"\" class=\"wp-image-10012\" srcset=\"https:\/\/www.zspswiecie.pl\/wp-content\/uploads\/2022\/04\/2.jpg 800w, https:\/\/www.zspswiecie.pl\/wp-content\/uploads\/2022\/04\/2-214x300.jpg 214w, https:\/\/www.zspswiecie.pl\/wp-content\/uploads\/2022\/04\/2-768x1077.jpg 768w\" sizes=\"auto, (max-width: 800px) 100vw, 800px\" \/><\/figure>\n\n\n<p><span style=\"color: #000000;\"><strong><span style=\"color: #000000;\">Prezentujemy ofert\u0119 edukacyjn\u0105 na przysz\u0142y rok szkolny.<\/span><br \/><\/strong><\/span><!--more--><span style=\"color: #000000;\">WA\u017bNE<\/span><\/p>\n<p><span style=\"color: #000000;\">Kandydaci do Liceum Og\u00f3lnokszta\u0142c\u0105cego o profilu podstawy dzia\u0142alno\u015bci s\u0142u\u017cb mundurowych przechodzi\u0107 b\u0119d\u0105 pr\u00f3b\u0119 sprawno\u015bci fizycznej.<\/span><\/p>","protected":false},"excerpt":{"rendered":"<p>Prezentujemy ofert\u0119 edukacyjn\u0105 na przysz\u0142y rok szkolny.<\/p>\n","protected":false},"author":2,"featured_media":10021,"comment_status":"closed","ping_status":"open","sticky":false,"template":"","format":"standard","meta":{"footnotes":""},"categories":[5],"tags":[],"class_list":["post-10014","post","type-post","status-publish","format-standard","has-post-thumbnail","hentry","category-informacje"],"yoast_head":"<!-- This site is optimized with the Yoast SEO plugin v26.8 - https:\/\/yoast.com\/product\/yoast-seo-wordpress\/ -->\n<title>0FERTA EDUKACYJNA 2022\/2023 - ZSP<\/title>\n<meta name=\"robots\" content=\"index, follow, max-snippet:-1, max-image-preview:large, max-video-preview:-1\" \/>\n<link rel=\"canonical\" href=\"https:\/\/www.zspswiecie.pl\/index.php\/2022\/05\/0ferta-edukacyjna-2022-2023\/\" \/>\n<meta property=\"og:locale\" content=\"pl_PL\" \/>\n<meta property=\"og:type\" content=\"article\" \/>\n<meta property=\"og:title\" content=\"0FERTA EDUKACYJNA 2022\/2023 - ZSP\" \/>\n<meta property=\"og:description\" content=\"Prezentujemy ofert\u0119 edukacyjn\u0105 na przysz\u0142y rok szkolny.\" \/>\n<meta property=\"og:url\" content=\"https:\/\/www.zspswiecie.pl\/index.php\/2022\/05\/0ferta-edukacyjna-2022-2023\/\" \/>\n<meta property=\"og:site_name\" content=\"ZSP\" \/>\n<meta property=\"article:publisher\" content=\"https:\/\/www.facebook.com\/people\/Zesp-Szk-Ponadpodstawowych-w-wieciu\/100057638830230\/\" \/>\n<meta property=\"article:published_time\" content=\"2022-05-11T17:23:45+00:00\" \/>\n<meta property=\"article:modified_time\" content=\"2022-05-11T17:38:06+00:00\" \/>\n<meta property=\"og:image\" content=\"https:\/\/www.zspswiecie.pl\/wp-content\/uploads\/2022\/04\/3.jpg\" \/>\n\t<meta property=\"og:image:width\" content=\"800\" \/>\n\t<meta property=\"og:image:height\" content=\"477\" \/>\n\t<meta property=\"og:image:type\" content=\"image\/jpeg\" \/>\n<meta name=\"author\" content=\"Katarzyna\" \/>\n<meta name=\"twitter:label1\" content=\"Napisane przez\" \/>\n\t<meta name=\"twitter:data1\" content=\"Katarzyna\" \/>\n<script type=\"application\/ld+json\" class=\"yoast-schema-graph\">{\"@context\":\"https:\/\/schema.org\",\"@graph\":[{\"@type\":\"Article\",\"@id\":\"https:\/\/www.zspswiecie.pl\/index.php\/2022\/05\/0ferta-edukacyjna-2022-2023\/#article\",\"isPartOf\":{\"@id\":\"https:\/\/www.zspswiecie.pl\/index.php\/2022\/05\/0ferta-edukacyjna-2022-2023\/\"},\"author\":{\"name\":\"Katarzyna\",\"@id\":\"https:\/\/www.zspswiecie.pl\/#\/schema\/person\/e02da1ef6b75bbd4043bfa50e22d5976\"},\"headline\":\"0FERTA EDUKACYJNA 2022\/2023\",\"datePublished\":\"2022-05-11T17:23:45+00:00\",\"dateModified\":\"2022-05-11T17:38:06+00:00\",\"mainEntityOfPage\":{\"@id\":\"https:\/\/www.zspswiecie.pl\/index.php\/2022\/05\/0ferta-edukacyjna-2022-2023\/\"},\"wordCount\":37,\"publisher\":{\"@id\":\"https:\/\/www.zspswiecie.pl\/#organization\"},\"image\":{\"@id\":\"https:\/\/www.zspswiecie.pl\/index.php\/2022\/05\/0ferta-edukacyjna-2022-2023\/#primaryimage\"},\"thumbnailUrl\":\"https:\/\/www.zspswiecie.pl\/wp-content\/uploads\/2022\/04\/3.jpg\",\"articleSection\":[\"Informacje\"],\"inLanguage\":\"pl-PL\"},{\"@type\":\"WebPage\",\"@id\":\"https:\/\/www.zspswiecie.pl\/index.php\/2022\/05\/0ferta-edukacyjna-2022-2023\/\",\"url\":\"https:\/\/www.zspswiecie.pl\/index.php\/2022\/05\/0ferta-edukacyjna-2022-2023\/\",\"name\":\"0FERTA EDUKACYJNA 2022\/2023 - ZSP\",\"isPartOf\":{\"@id\":\"https:\/\/www.zspswiecie.pl\/#website\"},\"primaryImageOfPage\":{\"@id\":\"https:\/\/www.zspswiecie.pl\/index.php\/2022\/05\/0ferta-edukacyjna-2022-2023\/#primaryimage\"},\"image\":{\"@id\":\"https:\/\/www.zspswiecie.pl\/index.php\/2022\/05\/0ferta-edukacyjna-2022-2023\/#primaryimage\"},\"thumbnailUrl\":\"https:\/\/www.zspswiecie.pl\/wp-content\/uploads\/2022\/04\/3.jpg\",\"datePublished\":\"2022-05-11T17:23:45+00:00\",\"dateModified\":\"2022-05-11T17:38:06+00:00\",\"breadcrumb\":{\"@id\":\"https:\/\/www.zspswiecie.pl\/index.php\/2022\/05\/0ferta-edukacyjna-2022-2023\/#breadcrumb\"},\"inLanguage\":\"pl-PL\",\"potentialAction\":[{\"@type\":\"ReadAction\",\"target\":[\"https:\/\/www.zspswiecie.pl\/index.php\/2022\/05\/0ferta-edukacyjna-2022-2023\/\"]}]},{\"@type\":\"ImageObject\",\"inLanguage\":\"pl-PL\",\"@id\":\"https:\/\/www.zspswiecie.pl\/index.php\/2022\/05\/0ferta-edukacyjna-2022-2023\/#primaryimage\",\"url\":\"https:\/\/www.zspswiecie.pl\/wp-content\/uploads\/2022\/04\/3.jpg\",\"contentUrl\":\"https:\/\/www.zspswiecie.pl\/wp-content\/uploads\/2022\/04\/3.jpg\",\"width\":800,\"height\":477},{\"@type\":\"BreadcrumbList\",\"@id\":\"https:\/\/www.zspswiecie.pl\/index.php\/2022\/05\/0ferta-edukacyjna-2022-2023\/#breadcrumb\",\"itemListElement\":[{\"@type\":\"ListItem\",\"position\":1,\"name\":\"Strona g\u0142\u00f3wna\",\"item\":\"https:\/\/www.zspswiecie.pl\/index.php\/home\/strona-glowna\/\"},{\"@type\":\"ListItem\",\"position\":2,\"name\":\"0FERTA EDUKACYJNA 2022\/2023\"}]},{\"@type\":\"WebSite\",\"@id\":\"https:\/\/www.zspswiecie.pl\/#website\",\"url\":\"https:\/\/www.zspswiecie.pl\/\",\"name\":\"ZSP\",\"description\":\"Zesp\u00f3\u0142 Szk\u00f3\u0142 Ponadpodstawowych\",\"publisher\":{\"@id\":\"https:\/\/www.zspswiecie.pl\/#organization\"},\"potentialAction\":[{\"@type\":\"SearchAction\",\"target\":{\"@type\":\"EntryPoint\",\"urlTemplate\":\"https:\/\/www.zspswiecie.pl\/?s={search_term_string}\"},\"query-input\":{\"@type\":\"PropertyValueSpecification\",\"valueRequired\":true,\"valueName\":\"search_term_string\"}}],\"inLanguage\":\"pl-PL\"},{\"@type\":\"Organization\",\"@id\":\"https:\/\/www.zspswiecie.pl\/#organization\",\"name\":\"Zesp\u00f3\u0142 Szk\u00f3\u0142 Ponadpodstawowych\",\"url\":\"https:\/\/www.zspswiecie.pl\/\",\"logo\":{\"@type\":\"ImageObject\",\"inLanguage\":\"pl-PL\",\"@id\":\"https:\/\/www.zspswiecie.pl\/#\/schema\/logo\/image\/\",\"url\":\"http:\/\/www.zspswiecie.pl\/wp-content\/uploads\/2016\/03\/logo-zsp2.png\",\"contentUrl\":\"http:\/\/www.zspswiecie.pl\/wp-content\/uploads\/2016\/03\/logo-zsp2.png\",\"width\":449,\"height\":351,\"caption\":\"Zesp\u00f3\u0142 Szk\u00f3\u0142 Ponadpodstawowych\"},\"image\":{\"@id\":\"https:\/\/www.zspswiecie.pl\/#\/schema\/logo\/image\/\"},\"sameAs\":[\"https:\/\/www.facebook.com\/people\/Zesp-Szk-Ponadpodstawowych-w-wieciu\/100057638830230\/\"]},{\"@type\":\"Person\",\"@id\":\"https:\/\/www.zspswiecie.pl\/#\/schema\/person\/e02da1ef6b75bbd4043bfa50e22d5976\",\"name\":\"Katarzyna\",\"image\":{\"@type\":\"ImageObject\",\"inLanguage\":\"pl-PL\",\"@id\":\"https:\/\/www.zspswiecie.pl\/#\/schema\/person\/image\/\",\"url\":\"https:\/\/secure.gravatar.com\/avatar\/cecd50f696defba6d8269961136eef4639e8542bd8a188e5817d76f2e78de1c3?s=96&d=mm&r=g\",\"contentUrl\":\"https:\/\/secure.gravatar.com\/avatar\/cecd50f696defba6d8269961136eef4639e8542bd8a188e5817d76f2e78de1c3?s=96&d=mm&r=g\",\"caption\":\"Katarzyna\"},\"url\":\"https:\/\/www.zspswiecie.pl\/index.php\/author\/kasia_k\/\"}]}<\/script>\n<!-- \/ Yoast SEO plugin. -->","yoast_head_json":{"title":"0FERTA EDUKACYJNA 2022\/2023 - ZSP","robots":{"index":"index","follow":"follow","max-snippet":"max-snippet:-1","max-image-preview":"max-image-preview:large","max-video-preview":"max-video-preview:-1"},"canonical":"https:\/\/www.zspswiecie.pl\/index.php\/2022\/05\/0ferta-edukacyjna-2022-2023\/","og_locale":"pl_PL","og_type":"article","og_title":"0FERTA EDUKACYJNA 2022\/2023 - ZSP","og_description":"Prezentujemy ofert\u0119 edukacyjn\u0105 na przysz\u0142y rok szkolny.","og_url":"https:\/\/www.zspswiecie.pl\/index.php\/2022\/05\/0ferta-edukacyjna-2022-2023\/","og_site_name":"ZSP","article_publisher":"https:\/\/www.facebook.com\/people\/Zesp-Szk-Ponadpodstawowych-w-wieciu\/100057638830230\/","article_published_time":"2022-05-11T17:23:45+00:00","article_modified_time":"2022-05-11T17:38:06+00:00","og_image":[{"width":800,"height":477,"url":"https:\/\/www.zspswiecie.pl\/wp-content\/uploads\/2022\/04\/3.jpg","type":"image\/jpeg"}],"author":"Katarzyna","twitter_misc":{"Napisane przez":"Katarzyna"},"schema":{"@context":"https:\/\/schema.org","@graph":[{"@type":"Article","@id":"https:\/\/www.zspswiecie.pl\/index.php\/2022\/05\/0ferta-edukacyjna-2022-2023\/#article","isPartOf":{"@id":"https:\/\/www.zspswiecie.pl\/index.php\/2022\/05\/0ferta-edukacyjna-2022-2023\/"},"author":{"name":"Katarzyna","@id":"https:\/\/www.zspswiecie.pl\/#\/schema\/person\/e02da1ef6b75bbd4043bfa50e22d5976"},"headline":"0FERTA EDUKACYJNA 2022\/2023","datePublished":"2022-05-11T17:23:45+00:00","dateModified":"2022-05-11T17:38:06+00:00","mainEntityOfPage":{"@id":"https:\/\/www.zspswiecie.pl\/index.php\/2022\/05\/0ferta-edukacyjna-2022-2023\/"},"wordCount":37,"publisher":{"@id":"https:\/\/www.zspswiecie.pl\/#organization"},"image":{"@id":"https:\/\/www.zspswiecie.pl\/index.php\/2022\/05\/0ferta-edukacyjna-2022-2023\/#primaryimage"},"thumbnailUrl":"https:\/\/www.zspswiecie.pl\/wp-content\/uploads\/2022\/04\/3.jpg","articleSection":["Informacje"],"inLanguage":"pl-PL"},{"@type":"WebPage","@id":"https:\/\/www.zspswiecie.pl\/index.php\/2022\/05\/0ferta-edukacyjna-2022-2023\/","url":"https:\/\/www.zspswiecie.pl\/index.php\/2022\/05\/0ferta-edukacyjna-2022-2023\/","name":"0FERTA EDUKACYJNA 2022\/2023 - ZSP","isPartOf":{"@id":"https:\/\/www.zspswiecie.pl\/#website"},"primaryImageOfPage":{"@id":"https:\/\/www.zspswiecie.pl\/index.php\/2022\/05\/0ferta-edukacyjna-2022-2023\/#primaryimage"},"image":{"@id":"https:\/\/www.zspswiecie.pl\/index.php\/2022\/05\/0ferta-edukacyjna-2022-2023\/#primaryimage"},"thumbnailUrl":"https:\/\/www.zspswiecie.pl\/wp-content\/uploads\/2022\/04\/3.jpg","datePublished":"2022-05-11T17:23:45+00:00","dateModified":"2022-05-11T17:38:06+00:00","breadcrumb":{"@id":"https:\/\/www.zspswiecie.pl\/index.php\/2022\/05\/0ferta-edukacyjna-2022-2023\/#breadcrumb"},"inLanguage":"pl-PL","potentialAction":[{"@type":"ReadAction","target":["https:\/\/www.zspswiecie.pl\/index.php\/2022\/05\/0ferta-edukacyjna-2022-2023\/"]}]},{"@type":"ImageObject","inLanguage":"pl-PL","@id":"https:\/\/www.zspswiecie.pl\/index.php\/2022\/05\/0ferta-edukacyjna-2022-2023\/#primaryimage","url":"https:\/\/www.zspswiecie.pl\/wp-content\/uploads\/2022\/04\/3.jpg","contentUrl":"https:\/\/www.zspswiecie.pl\/wp-content\/uploads\/2022\/04\/3.jpg","width":800,"height":477},{"@type":"BreadcrumbList","@id":"https:\/\/www.zspswiecie.pl\/index.php\/2022\/05\/0ferta-edukacyjna-2022-2023\/#breadcrumb","itemListElement":[{"@type":"ListItem","position":1,"name":"Strona g\u0142\u00f3wna","item":"https:\/\/www.zspswiecie.pl\/index.php\/home\/strona-glowna\/"},{"@type":"ListItem","position":2,"name":"0FERTA EDUKACYJNA 2022\/2023"}]},{"@type":"WebSite","@id":"https:\/\/www.zspswiecie.pl\/#website","url":"https:\/\/www.zspswiecie.pl\/","name":"ZSP","description":"Zesp\u00f3\u0142 Szk\u00f3\u0142 Ponadpodstawowych","publisher":{"@id":"https:\/\/www.zspswiecie.pl\/#organization"},"potentialAction":[{"@type":"SearchAction","target":{"@type":"EntryPoint","urlTemplate":"https:\/\/www.zspswiecie.pl\/?s={search_term_string}"},"query-input":{"@type":"PropertyValueSpecification","valueRequired":true,"valueName":"search_term_string"}}],"inLanguage":"pl-PL"},{"@type":"Organization","@id":"https:\/\/www.zspswiecie.pl\/#organization","name":"Zesp\u00f3\u0142 Szk\u00f3\u0142 Ponadpodstawowych","url":"https:\/\/www.zspswiecie.pl\/","logo":{"@type":"ImageObject","inLanguage":"pl-PL","@id":"https:\/\/www.zspswiecie.pl\/#\/schema\/logo\/image\/","url":"http:\/\/www.zspswiecie.pl\/wp-content\/uploads\/2016\/03\/logo-zsp2.png","contentUrl":"http:\/\/www.zspswiecie.pl\/wp-content\/uploads\/2016\/03\/logo-zsp2.png","width":449,"height":351,"caption":"Zesp\u00f3\u0142 Szk\u00f3\u0142 Ponadpodstawowych"},"image":{"@id":"https:\/\/www.zspswiecie.pl\/#\/schema\/logo\/image\/"},"sameAs":["https:\/\/www.facebook.com\/people\/Zesp-Szk-Ponadpodstawowych-w-wieciu\/100057638830230\/"]},{"@type":"Person","@id":"https:\/\/www.zspswiecie.pl\/#\/schema\/person\/e02da1ef6b75bbd4043bfa50e22d5976","name":"Katarzyna","image":{"@type":"ImageObject","inLanguage":"pl-PL","@id":"https:\/\/www.zspswiecie.pl\/#\/schema\/person\/image\/","url":"https:\/\/secure.gravatar.com\/avatar\/cecd50f696defba6d8269961136eef4639e8542bd8a188e5817d76f2e78de1c3?s=96&d=mm&r=g","contentUrl":"https:\/\/secure.gravatar.com\/avatar\/cecd50f696defba6d8269961136eef4639e8542bd8a188e5817d76f2e78de1c3?s=96&d=mm&r=g","caption":"Katarzyna"},"url":"https:\/\/www.zspswiecie.pl\/index.php\/author\/kasia_k\/"}]}},"_links":{"self":[{"href":"https:\/\/www.zspswiecie.pl\/index.php\/wp-json\/wp\/v2\/posts\/10014","targetHints":{"allow":["GET"]}}],"collection":[{"href":"https:\/\/www.zspswiecie.pl\/index.php\/wp-json\/wp\/v2\/posts"}],"about":[{"href":"https:\/\/www.zspswiecie.pl\/index.php\/wp-json\/wp\/v2\/types\/post"}],"author":[{"embeddable":true,"href":"https:\/\/www.zspswiecie.pl\/index.php\/wp-json\/wp\/v2\/users\/2"}],"replies":[{"embeddable":true,"href":"https:\/\/www.zspswiecie.pl\/index.php\/wp-json\/wp\/v2\/comments?post=10014"}],"version-history":[{"count":3,"href":"https:\/\/www.zspswiecie.pl\/index.php\/wp-json\/wp\/v2\/posts\/10014\/revisions"}],"predecessor-version":[{"id":10022,"href":"https:\/\/www.zspswiecie.pl\/index.php\/wp-json\/wp\/v2\/posts\/10014\/revisions\/10022"}],"wp:featuredmedia":[{"embeddable":true,"href":"https:\/\/www.zspswiecie.pl\/index.php\/wp-json\/wp\/v2\/media\/10021"}],"wp:attachment":[{"href":"https:\/\/www.zspswiecie.pl\/index.php\/wp-json\/wp\/v2\/media?parent=10014"}],"wp:term":[{"taxonomy":"category","embeddable":true,"href":"https:\/\/www.zspswiecie.pl\/index.php\/wp-json\/wp\/v2\/categories?post=10014"},{"taxonomy":"post_tag","embeddable":true,"href":"https:\/\/www.zspswiecie.pl\/index.php\/wp-json\/wp\/v2\/tags?post=10014"}],"curies":[{"name":"wp","href":"https:\/\/api.w.org\/{rel}","templated":true}]}}